{"id":36923,"date":"2026-03-06T14:09:03","date_gmt":"2026-03-06T17:09:03","guid":{"rendered":"https:\/\/www.oparanews.com.br\/?p=36923"},"modified":"2026-03-06T14:09:03","modified_gmt":"2026-03-06T17:09:03","slug":"mae-e-presa-suspeita-de-tentar-asfixiar-bebe-de-oito-meses-em-maceio","status":"publish","type":"post","link":"https:\/\/www.oparanews.com.br\/index.php\/2026\/03\/06\/mae-e-presa-suspeita-de-tentar-asfixiar-bebe-de-oito-meses-em-maceio\/","title":{"rendered":"M\u00e3e \u00e9 presa suspeita de tentar asfixiar beb\u00ea de oito meses em Macei\u00f3"},"content":{"rendered":"<p>Uma mulher de 41 anos foi presa em flagrante na quinta-feira (5) suspeita de tentar matar o pr\u00f3prio filho, um beb\u00ea de oito meses, no bairro Rio Novo, na parte alta de\u00a0Macei\u00f3. De acordo com a pol\u00edcia, a mulher estaria sob efeito de \u00e1lcool no momento da ocorr\u00eancia.<\/p>\n<p>O beb\u00ea n\u00e3o sofreu ferimentos e foi resgatado pelos pr\u00f3prios irm\u00e3os, que estavam na resid\u00eancia no momento do ocorrido. Os dois filhos da mulher, de 15 e 19 anos, intervieram para impedir a agress\u00e3o e chegaram a entrar em luta corporal com a m\u00e3e.<\/p>\n<p>Ap\u00f3s o resgate, a crian\u00e7a ficou sob os cuidados de uma irm\u00e3 mais velha.<\/p>\n<p>Segundo informa\u00e7\u00f5es da Pol\u00edcia Militar de Alagoas, a equipe foi acionada inicialmente para atender a um caso de viol\u00eancia dom\u00e9stica. No entanto, ao chegar ao local, os militares constataram que a situa\u00e7\u00e3o era mais grave: a suspeita teria tentado asfixiar a crian\u00e7a.<\/p>\n<p>A mulher foi detida por militares da For\u00e7a Tarefa do 4\u00ba Batalh\u00e3o e encaminhada \u00e0 Delegacia de Homic\u00eddios e Prote\u00e7\u00e3o \u00e0 Pessoa, onde foi autuada por tentativa de homic\u00eddio.<\/p>\n<p>A Pol\u00edcia Civil de Alagoas informou que seguir\u00e1 com as investiga\u00e7\u00f5es para apurar detalhadamente as circunst\u00e2ncias do caso.<\/p>\n<p>&nbsp;<\/p>\n<p>&nbsp;<\/p>\n<p><strong>Fonte: G1\/AL<\/strong><\/p>\n","protected":false},"excerpt":{"rendered":"<p>Uma mulher de 41 anos foi presa em flagrante na quinta-feira (5) suspeita de tentar matar o pr\u00f3prio filho, um beb\u00ea de oito meses, no bairro Rio Novo, na parte alta de\u00a0Macei\u00f3. De acordo com a pol\u00edcia, a mulher estaria sob efeito de \u00e1lcool no momento da ocorr\u00eancia. O beb\u00ea n\u00e3o sofreu ferimentos e foi &hellip;<\/p>\n","protected":false},"author":2,"featured_media":36924,"comment_status":"open","ping_status":"open","sticky":false,"template":"","format":"standard","meta":{"_jetpack_memberships_contains_paid_content":false,"footnotes":""},"categories":[4],"tags":[],"class_list":["post-36923","post","type-post","status-publish","format-standard","has-post-thumbnail","hentry","category-alagoas"],"jetpack_featured_media_url":"https:\/\/www.oparanews.com.br\/wp-content\/uploads\/2026\/03\/policia-militar-de-alagoas.webp","jetpack_sharing_enabled":true,"_links":{"self":[{"href":"https:\/\/www.oparanews.com.br\/index.php\/wp-json\/wp\/v2\/posts\/36923","targetHints":{"allow":["GET"]}}],"collection":[{"href":"https:\/\/www.oparanews.com.br\/index.php\/wp-json\/wp\/v2\/posts"}],"about":[{"href":"https:\/\/www.oparanews.com.br\/index.php\/wp-json\/wp\/v2\/types\/post"}],"author":[{"embeddable":true,"href":"https:\/\/www.oparanews.com.br\/index.php\/wp-json\/wp\/v2\/users\/2"}],"replies":[{"embeddable":true,"href":"https:\/\/www.oparanews.com.br\/index.php\/wp-json\/wp\/v2\/comments?post=36923"}],"version-history":[{"count":1,"href":"https:\/\/www.oparanews.com.br\/index.php\/wp-json\/wp\/v2\/posts\/36923\/revisions"}],"predecessor-version":[{"id":36925,"href":"https:\/\/www.oparanews.com.br\/index.php\/wp-json\/wp\/v2\/posts\/36923\/revisions\/36925"}],"wp:featuredmedia":[{"embeddable":true,"href":"https:\/\/www.oparanews.com.br\/index.php\/wp-json\/wp\/v2\/media\/36924"}],"wp:attachment":[{"href":"https:\/\/www.oparanews.com.br\/index.php\/wp-json\/wp\/v2\/media?parent=36923"}],"wp:term":[{"taxonomy":"category","embeddable":true,"href":"https:\/\/www.oparanews.com.br\/index.php\/wp-json\/wp\/v2\/categories?post=36923"},{"taxonomy":"post_tag","embeddable":true,"href":"https:\/\/www.oparanews.com.br\/index.php\/wp-json\/wp\/v2\/tags?post=36923"}],"curies":[{"name":"wp","href":"https:\/\/api.w.org\/{rel}","templated":true}]}}