{"id":36929,"date":"2026-03-06T17:57:36","date_gmt":"2026-03-06T20:57:36","guid":{"rendered":"https:\/\/www.oparanews.com.br\/?p=36929"},"modified":"2026-03-06T17:58:12","modified_gmt":"2026-03-06T20:58:12","slug":"prefeitura-de-penedo-entrega-5-veiculos-1-ambulancia-fardamentos-e-van-para-agricultores","status":"publish","type":"post","link":"https:\/\/www.oparanews.com.br\/index.php\/2026\/03\/06\/prefeitura-de-penedo-entrega-5-veiculos-1-ambulancia-fardamentos-e-van-para-agricultores\/","title":{"rendered":"Prefeitura de Penedo entrega 5 ve\u00edculos, 1 ambul\u00e2ncia, fardamentos e van para agricultores"},"content":{"rendered":"<p style=\"background: white; margin: 0cm 0cm 19.5pt 0cm;\"><span style=\"font-size: 11.5pt; font-family: 'Verdana',sans-serif; color: #222222;\">A manh\u00e3 desta sexta-feira (06) foi marcada por investimentos na frota de ve\u00edculos da Prefeitura de Penedo, especialmente para servi\u00e7os das secretarias de Sa\u00fade e Agricultura (SEMDAGRO). A entrega ocorreu na Pra\u00e7a Bar\u00e3o de Penedo, no Centro Hist\u00f3rico, e contou com a presen\u00e7a de diversas autoridades, al\u00e9m do prefeito Ronaldo Lopes, que conduziu o evento.<\/span><\/p>\n<p style=\"background: white; box-sizing: border-box; overflow-wrap: break-word; font-variant-ligatures: normal; font-variant-caps: normal; orphans: 2; text-align: start; widows: 2; -webkit-text-stroke-width: 0px; text-decoration-thickness: initial; text-decoration-style: initial; text-decoration-color: initial; word-spacing: 0px; margin: 0cm 0cm 19.5pt 0cm;\" data-start=\"408\" data-end=\"824\"><span style=\"font-size: 11.5pt; font-family: 'Verdana',sans-serif; color: #222222;\">A nova amplia\u00e7\u00e3o conta com sete ve\u00edculos, sendo cinco carros modelo Mobi, da Fiat, para os pacientes do Tratamento Fora do Domic\u00edlio (TFD); uma ambul\u00e2ncia modelo Unidade de Suporte B\u00e1sico (USB) para o Servi\u00e7o M\u00f3vel de Urg\u00eancia (Samu) e um furg\u00e3o modelo Expert, do fabricante Peugeot, que ser\u00e1 destinado \u00e0 Secretaria de Desenvolvimento Agr\u00edcola, em parceria com a Empresa de Assist\u00eancia T\u00e9cnica e Extens\u00e3o Rural (Emater),institui\u00e7\u00e3o representada por seu diretor-presidente, Kil Freitas.<\/span><\/p>\n<p style=\"background: white; box-sizing: border-box; overflow-wrap: break-word; font-variant-ligatures: normal; font-variant-caps: normal; orphans: 2; text-align: start; widows: 2; -webkit-text-stroke-width: 0px; text-decoration-thickness: initial; text-decoration-style: initial; text-decoration-color: initial; word-spacing: 0px; margin: 0cm 0cm 19.5pt 0cm;\" data-start=\"826\" data-end=\"1382\"><i><span style=\"font-size: 11.5pt; font-family: 'Verdana',sans-serif; color: #222222;\">\u201cCom este ve\u00edculo, vamos dar mais suporte ao pequeno agricultor, principalmente aos agricultores da Feira da Agricultura Familiar, ajudando-os no transporte de sua produ\u00e7\u00e3o para comercializa\u00e7\u00e3o na feira. Tamb\u00e9m vamos usar o furg\u00e3o no Programa Nacional de Alimenta\u00e7\u00e3o Escolar (PNAE), no apoio t\u00e9cnico para dar assist\u00eancia aos agricultores em v\u00e1rios segmentos. Este ve\u00edculo, em parceria com a Emater, vai nos ajudar muito a ampliar a assist\u00eancia em v\u00e1rias \u00e1reas da agricultura\u201d, destacou o secret\u00e1rio de Agricultura e tamb\u00e9m vice-prefeito, Valdinho Monteiro.<\/span><\/i><\/p>\n<figure id=\"attachment_36932\" aria-describedby=\"caption-attachment-36932\" style=\"width: 1600px\" class=\"wp-caption aligncenter\"><img loading=\"lazy\" decoding=\"async\" class=\"size-full wp-image-36932\" src=\"http:\/\/www.oparanews.com.br\/wp-content\/uploads\/2026\/03\/veiculos-penedo-saude-agricultura-foto-deywesson-duarte-22.avif\" alt=\"\" width=\"1600\" height=\"1066\" srcset=\"https:\/\/www.oparanews.com.br\/wp-content\/uploads\/2026\/03\/veiculos-penedo-saude-agricultura-foto-deywesson-duarte-22.avif 1600w, https:\/\/www.oparanews.com.br\/wp-content\/uploads\/2026\/03\/veiculos-penedo-saude-agricultura-foto-deywesson-duarte-22-300x200.avif 300w, https:\/\/www.oparanews.com.br\/wp-content\/uploads\/2026\/03\/veiculos-penedo-saude-agricultura-foto-deywesson-duarte-22-1024x682.avif 1024w, https:\/\/www.oparanews.com.br\/wp-content\/uploads\/2026\/03\/veiculos-penedo-saude-agricultura-foto-deywesson-duarte-22-768x512.avif 768w, https:\/\/www.oparanews.com.br\/wp-content\/uploads\/2026\/03\/veiculos-penedo-saude-agricultura-foto-deywesson-duarte-22-1536x1023.avif 1536w\" sizes=\"auto, (max-width: 1600px) 100vw, 1600px\" \/><figcaption id=\"caption-attachment-36932\" class=\"wp-caption-text\">Deywesson Duarte<\/figcaption><\/figure>\n<p style=\"background: white; margin: 0cm 0cm 19.5pt 0cm;\"><span style=\"font-size: 11.5pt; font-family: 'Verdana',sans-serif; color: #222222;\">O ve\u00edculo, fruto da parceria com a Emater, custou R$ 270 mil. Durante a entrega, agricultores que comercializam produtos da terra \u00e0s quartas-feiras tamb\u00e9m receberam novos fardamentos personalizados durante o ato prestigiado por vereadores, secret\u00e1rios municipais, servidores e populares.<\/span><\/p>\n<p style=\"background: white; box-sizing: border-box; overflow-wrap: break-word; font-variant-ligatures: normal; font-variant-caps: normal; orphans: 2; text-align: start; widows: 2; -webkit-text-stroke-width: 0px; text-decoration-thickness: initial; text-decoration-style: initial; text-decoration-color: initial; word-spacing: 0px; margin: 0cm 0cm 19.5pt 0cm;\" data-start=\"1384\" data-end=\"1582\"><strong><span style=\"font-size: 11.5pt; font-family: 'Verdana',sans-serif; color: #222222;\">Sa\u00fade<\/span><\/strong><\/p>\n<p style=\"background: white; box-sizing: border-box; overflow-wrap: break-word; font-variant-ligatures: normal; font-variant-caps: normal; orphans: 2; text-align: start; widows: 2; -webkit-text-stroke-width: 0px; text-decoration-thickness: initial; text-decoration-style: initial; text-decoration-color: initial; word-spacing: 0px; margin: 0cm 0cm 19.5pt 0cm;\" data-start=\"1584\" data-end=\"1842\"><span style=\"font-size: 11.5pt; font-family: 'Verdana',sans-serif; color: #222222;\">Com a nova aquisi\u00e7\u00e3o dos cinco Mobis, a frota de ve\u00edculos da Secretaria de Sa\u00fade de Penedo para atender pacientes do Tratamento Fora do Domic\u00edlio (TFD) ultrapassa a marca de 30, entre vans, \u00f4nibus e ve\u00edculos de pequeno porte, circulando de domingo a domingo, dentro e fora de Alagoas.<\/span><\/p>\n<p style=\"background: white; box-sizing: border-box; overflow-wrap: break-word; font-variant-ligatures: normal; font-variant-caps: normal; orphans: 2; text-align: start; widows: 2; -webkit-text-stroke-width: 0px; text-decoration-thickness: initial; text-decoration-style: initial; text-decoration-color: initial; word-spacing: 0px; margin: 0cm 0cm 19.5pt 0cm;\" data-start=\"1844\" data-end=\"2620\"><i><span style=\"font-size: 11.5pt; font-family: 'Verdana',sans-serif; color: #222222;\">\u201cPenedo recebe mais um investimento na \u00e1rea da Sa\u00fade, com a chegada de cinco ve\u00edculos Mobi e uma ambul\u00e2ncia. Os autom\u00f3veis v\u00e3o contribuir com o TFD, levando mais dignidade, conforto e seguran\u00e7a para os pacientes que precisam se deslocar para Macei\u00f3, Arapiraca e S\u00e3o Miguel. J\u00e1 a ambul\u00e2ncia foi entregue em Macei\u00f3 pelo presidente Lula e hoje chegou para ampliar o atendimento de Penedo e regi\u00e3o. A Unidade de Suporte B\u00e1sico foi resultado de uma articula\u00e7\u00e3o entre os governos municipal e estadual. Al\u00e9m disso, todos os servidores do Samu ainda receberam novos fardamentos. Dessa forma, estamos investindo muito e melhorando os servi\u00e7os aos usu\u00e1rios do Sistema \u00danico de Sa\u00fade (SUS) de Penedo\u201d, salientou a secret\u00e1ria de Sa\u00fade, Wanina Mendon\u00e7a.<\/span><\/i><\/p>\n<figure id=\"attachment_36931\" aria-describedby=\"caption-attachment-36931\" style=\"width: 1600px\" class=\"wp-caption aligncenter\"><img loading=\"lazy\" decoding=\"async\" class=\"size-full wp-image-36931\" src=\"http:\/\/www.oparanews.com.br\/wp-content\/uploads\/2026\/03\/veiculos-penedo-saude-agricultura-foto-deywesson-duarte-20.avif\" alt=\"\" width=\"1600\" height=\"1066\" srcset=\"https:\/\/www.oparanews.com.br\/wp-content\/uploads\/2026\/03\/veiculos-penedo-saude-agricultura-foto-deywesson-duarte-20.avif 1600w, https:\/\/www.oparanews.com.br\/wp-content\/uploads\/2026\/03\/veiculos-penedo-saude-agricultura-foto-deywesson-duarte-20-300x200.avif 300w, https:\/\/www.oparanews.com.br\/wp-content\/uploads\/2026\/03\/veiculos-penedo-saude-agricultura-foto-deywesson-duarte-20-1024x682.avif 1024w, https:\/\/www.oparanews.com.br\/wp-content\/uploads\/2026\/03\/veiculos-penedo-saude-agricultura-foto-deywesson-duarte-20-768x512.avif 768w, https:\/\/www.oparanews.com.br\/wp-content\/uploads\/2026\/03\/veiculos-penedo-saude-agricultura-foto-deywesson-duarte-20-1536x1023.avif 1536w\" sizes=\"auto, (max-width: 1600px) 100vw, 1600px\" \/><figcaption id=\"caption-attachment-36931\" class=\"wp-caption-text\">Deywesson Duarte<\/figcaption><\/figure>\n<p style=\"background: white; margin: 0cm 0cm 19.5pt 0cm;\"><span style=\"font-size: 11.5pt; font-family: 'Verdana',sans-serif; color: #222222;\">Representando o governador Paulo Dantas, o secret\u00e1rio executivo de Sa\u00fade, Guilherme Lopes, tamb\u00e9m esteve presente na entrega dos sete novos ve\u00edculos que v\u00e3o ampliar o atendimento \u00e0 popula\u00e7\u00e3o.<\/span><\/p>\n<p style=\"background: white; box-sizing: border-box; overflow-wrap: break-word; font-variant-ligatures: normal; font-variant-caps: normal; orphans: 2; text-align: start; widows: 2; -webkit-text-stroke-width: 0px; text-decoration-thickness: initial; text-decoration-style: initial; text-decoration-color: initial; word-spacing: 0px; margin: 0cm 0cm 19.5pt 0cm;\" data-start=\"2819\" data-end=\"3823\"><i><span style=\"font-size: 11.5pt; font-family: 'Verdana',sans-serif; color: #222222;\">\u201cA gente, enquanto Governo do Estado, trabalhou muito junto ao Minist\u00e9rio da Sa\u00fade para conseguir a renova\u00e7\u00e3o da frota do Samu. Conseguimos v\u00e1rias ambul\u00e2ncias, essa especialmente para Penedo, que vai atender todo o Baixo S\u00e3o Francisco. Nessa \u00faltima remessa veio a de Penedo, uma para Uni\u00e3o dos Palmares, uma para Arapiraca e duas para Macei\u00f3. Essa renova\u00e7\u00e3o impacta diretamente no usu\u00e1rio, no dia a dia do Samu. Tamb\u00e9m estamos distribuindo durante esta semana mais de 1.500 EPIs, neste primeiro momento para Macei\u00f3 e Arapiraca, contemplando as equipes do Samu, e os servidores de Penedo j\u00e1 receberam os seus. Tudo isso que estamos fazendo em parceria com o Governo de Alagoas faz parte da renova\u00e7\u00e3o e aperfei\u00e7oamento para melhorar o servi\u00e7o do Samu em todo o estado, e nossa Penedo n\u00e3o poderia ficar de fora\u201d, refor\u00e7ou Guilherme Lopes.<\/span><\/i><\/p>\n<figure id=\"attachment_36930\" aria-describedby=\"caption-attachment-36930\" style=\"width: 1600px\" class=\"wp-caption aligncenter\"><img loading=\"lazy\" decoding=\"async\" class=\"size-full wp-image-36930\" src=\"http:\/\/www.oparanews.com.br\/wp-content\/uploads\/2026\/03\/veiculos-penedo-saude-agricultura-foto-deywesson-duarte-16.avif\" alt=\"\" width=\"1600\" height=\"1066\" srcset=\"https:\/\/www.oparanews.com.br\/wp-content\/uploads\/2026\/03\/veiculos-penedo-saude-agricultura-foto-deywesson-duarte-16.avif 1600w, https:\/\/www.oparanews.com.br\/wp-content\/uploads\/2026\/03\/veiculos-penedo-saude-agricultura-foto-deywesson-duarte-16-300x200.avif 300w, https:\/\/www.oparanews.com.br\/wp-content\/uploads\/2026\/03\/veiculos-penedo-saude-agricultura-foto-deywesson-duarte-16-1024x682.avif 1024w, https:\/\/www.oparanews.com.br\/wp-content\/uploads\/2026\/03\/veiculos-penedo-saude-agricultura-foto-deywesson-duarte-16-768x512.avif 768w, https:\/\/www.oparanews.com.br\/wp-content\/uploads\/2026\/03\/veiculos-penedo-saude-agricultura-foto-deywesson-duarte-16-1536x1023.avif 1536w\" sizes=\"auto, (max-width: 1600px) 100vw, 1600px\" \/><figcaption id=\"caption-attachment-36930\" class=\"wp-caption-text\">Deywesson Duarte<\/figcaption><\/figure>\n<p style=\"background: white; margin: 0cm 0cm 19.5pt 0cm;\"><span style=\"font-size: 11.5pt; font-family: 'Verdana',sans-serif; color: #222222;\">O prefeito Ronaldo Lopes encerrou a cerim\u00f4nia de entrega dos investimentos na frota e da amplia\u00e7\u00e3o dos servi\u00e7os ofertados ao povo de Penedo.<\/span><\/p>\n<p style=\"background: white; box-sizing: border-box; overflow-wrap: break-word; font-variant-ligatures: normal; font-variant-caps: normal; orphans: 2; text-align: start; widows: 2; -webkit-text-stroke-width: 0px; text-decoration-thickness: initial; text-decoration-style: initial; text-decoration-color: initial; word-spacing: 0px; margin: 0cm 0cm 19.5pt 0cm;\" data-start=\"3967\" data-end=\"4649\"><i><span style=\"font-size: 11.5pt; font-family: 'Verdana',sans-serif; color: #222222;\">\u201cHoje \u00e9 mais um dia importante para os usu\u00e1rios do SUS, gra\u00e7as \u00e0 entrega desta ambul\u00e2ncia e \u00e0 chegada de cinco ve\u00edculos para fazer o transporte dos penedenses que precisam de atendimento em outras cidades. Tamb\u00e9m, gra\u00e7as \u00e0 parceria com o Governo de Alagoas, atrav\u00e9s da Emater, recebemos o refor\u00e7o de um furg\u00e3o exclusivo para atender a agricultura. Isso demonstra que estamos equipando todas as \u00e1reas para ampliar a capacidade de prestar melhores servi\u00e7os \u00e0 nossa popula\u00e7\u00e3o, seja na agricultura, seja na sa\u00fade, na urg\u00eancia e emerg\u00eancia. Eu estou muito feliz hoje, feliz por adquirir estes equipamentos que v\u00e3o ajudar muito a popula\u00e7\u00e3o da nossa cidade\u201d, encerrou o chefe do Executivo.<\/span><\/i><\/p>\n<p data-start=\"3967\" data-end=\"4649\">\n<p style=\"background: white; box-sizing: border-box; overflow-wrap: break-word; font-variant-ligatures: normal; font-variant-caps: normal; orphans: 2; text-align: start; widows: 2; -webkit-text-stroke-width: 0px; text-decoration-thickness: initial; text-decoration-style: initial; text-decoration-color: initial; word-spacing: 0px; margin: 0cm 0cm 19.5pt 0cm;\" data-start=\"3967\" data-end=\"4649\"><strong><span style=\"font-size: 11.5pt; font-family: 'Verdana',sans-serif; color: #222222;\">Por Secom PMP<\/span><\/strong><\/p>\n","protected":false},"excerpt":{"rendered":"<p>A manh\u00e3 desta sexta-feira (06) foi marcada por investimentos na frota de ve\u00edculos da Prefeitura de Penedo, especialmente para servi\u00e7os das secretarias de Sa\u00fade e Agricultura (SEMDAGRO). A entrega ocorreu na Pra\u00e7a Bar\u00e3o de Penedo, no Centro Hist\u00f3rico, e contou com a presen\u00e7a de diversas autoridades, al\u00e9m do prefeito Ronaldo Lopes, que conduziu o evento. &hellip;<\/p>\n","protected":false},"author":2,"featured_media":36933,"comment_status":"open","ping_status":"open","sticky":false,"template":"","format":"standard","meta":{"_jetpack_memberships_contains_paid_content":false,"footnotes":""},"categories":[1,3],"tags":[],"class_list":["post-36929","post","type-post","status-publish","format-standard","has-post-thumbnail","hentry","category-destaque","category-penedo"],"jetpack_featured_media_url":"https:\/\/www.oparanews.com.br\/wp-content\/uploads\/2026\/03\/Sem-titulo-1.png","jetpack_sharing_enabled":true,"_links":{"self":[{"href":"https:\/\/www.oparanews.com.br\/index.php\/wp-json\/wp\/v2\/posts\/36929","targetHints":{"allow":["GET"]}}],"collection":[{"href":"https:\/\/www.oparanews.com.br\/index.php\/wp-json\/wp\/v2\/posts"}],"about":[{"href":"https:\/\/www.oparanews.com.br\/index.php\/wp-json\/wp\/v2\/types\/post"}],"author":[{"embeddable":true,"href":"https:\/\/www.oparanews.com.br\/index.php\/wp-json\/wp\/v2\/users\/2"}],"replies":[{"embeddable":true,"href":"https:\/\/www.oparanews.com.br\/index.php\/wp-json\/wp\/v2\/comments?post=36929"}],"version-history":[{"count":1,"href":"https:\/\/www.oparanews.com.br\/index.php\/wp-json\/wp\/v2\/posts\/36929\/revisions"}],"predecessor-version":[{"id":36934,"href":"https:\/\/www.oparanews.com.br\/index.php\/wp-json\/wp\/v2\/posts\/36929\/revisions\/36934"}],"wp:featuredmedia":[{"embeddable":true,"href":"https:\/\/www.oparanews.com.br\/index.php\/wp-json\/wp\/v2\/media\/36933"}],"wp:attachment":[{"href":"https:\/\/www.oparanews.com.br\/index.php\/wp-json\/wp\/v2\/media?parent=36929"}],"wp:term":[{"taxonomy":"category","embeddable":true,"href":"https:\/\/www.oparanews.com.br\/index.php\/wp-json\/wp\/v2\/categories?post=36929"},{"taxonomy":"post_tag","embeddable":true,"href":"https:\/\/www.oparanews.com.br\/index.php\/wp-json\/wp\/v2\/tags?post=36929"}],"curies":[{"name":"wp","href":"https:\/\/api.w.org\/{rel}","templated":true}]}}