{"id":36955,"date":"2026-03-07T14:09:16","date_gmt":"2026-03-07T17:09:16","guid":{"rendered":"https:\/\/www.oparanews.com.br\/?p=36955"},"modified":"2026-03-09T14:09:23","modified_gmt":"2026-03-09T17:09:23","slug":"jovem-tem-labios-arrancados-por-companheiro-e-e-encaminhada-ao-hge-em-maceio","status":"publish","type":"post","link":"https:\/\/www.oparanews.com.br\/index.php\/2026\/03\/07\/jovem-tem-labios-arrancados-por-companheiro-e-e-encaminhada-ao-hge-em-maceio\/","title":{"rendered":"Jovem tem l\u00e1bios arrancados por companheiro e \u00e9 encaminhada ao HGE em Macei\u00f3"},"content":{"rendered":"<p>Uma jovem de 23 anos teve os l\u00e1bios arrancados ap\u00f3s ser mordida pelo pr\u00f3prio companheiro durante uma agress\u00e3o dentro de casa, na \u00faltima ter\u00e7a-feira (3), no munic\u00edpio de Vi\u00e7osa, na Zona da Mata de Alagoas.\u00a0A v\u00edtima ficou gravemente ferida e precisou passar por cirurgia no Hospital Geral do Estado (HGE), em Macei\u00f3.<\/p>\n<p>Segundo a Pol\u00edcia Civil, o crime aconteceu\u00a0ap\u00f3s uma discuss\u00e3o entre o casal.\u00a0Durante a agress\u00e3o, o suspeito teria arrancado os l\u00e1bios da v\u00edtima com uma mordida.<\/p>\n<p>Ap\u00f3s o ataque, a jovem foi socorrida e levada ao HGE, onde passou por procedimento cir\u00fargico devido \u00e0 gravidade dos ferimentos.<\/p>\n<p>O suspeito fugiu logo ap\u00f3s o crime e ainda n\u00e3o foi localizado.\u00a0A Pol\u00edcia Civil informou que iniciou dilig\u00eancias para identificar e prender o autor.<\/p>\n<p>De acordo com o delegado regional Fernando Lustosa, da 9\u00aa Delegacia Regional de Pol\u00edcia (9\u00aa DRP), testemunhas e familiares da v\u00edtima j\u00e1 foram ouvidos durante a investiga\u00e7\u00e3o.<\/p>\n<p>Tamb\u00e9m foi realizado exame de corpo de delito. A v\u00edtima ainda ser\u00e1 submetida a laudo pericial no Instituto M\u00e9dico Legal (IML) de Macei\u00f3.<\/p>\n<p>A Pol\u00edcia Civil instaurou inqu\u00e9rito para apurar o caso, que \u00e9 investigado como viol\u00eancia dom\u00e9stica. As medidas cautelares cab\u00edveis ser\u00e3o encaminhadas \u00e0 Justi\u00e7a para responsabilizar o suspeito.<\/p>\n<p>&nbsp;<\/p>\n<p>&nbsp;<\/p>\n<p>Fonte: G1\/AL<\/p>\n<p>&nbsp;<\/p>\n","protected":false},"excerpt":{"rendered":"<p>Uma jovem de 23 anos teve os l\u00e1bios arrancados ap\u00f3s ser mordida pelo pr\u00f3prio companheiro durante uma agress\u00e3o dentro de casa, na \u00faltima ter\u00e7a-feira (3), no munic\u00edpio de Vi\u00e7osa, na Zona da Mata de Alagoas.\u00a0A v\u00edtima ficou gravemente ferida e precisou passar por cirurgia no Hospital Geral do Estado (HGE), em Macei\u00f3. Segundo a Pol\u00edcia &hellip;<\/p>\n","protected":false},"author":2,"featured_media":36956,"comment_status":"open","ping_status":"open","sticky":false,"template":"","format":"standard","meta":{"_jetpack_memberships_contains_paid_content":false,"footnotes":""},"categories":[4],"tags":[],"class_list":["post-36955","post","type-post","status-publish","format-standard","has-post-thumbnail","hentry","category-alagoas"],"jetpack_featured_media_url":"https:\/\/www.oparanews.com.br\/wp-content\/uploads\/2026\/03\/fachada-hge-foto-carla-cleto-6-.avif","jetpack_sharing_enabled":true,"_links":{"self":[{"href":"https:\/\/www.oparanews.com.br\/index.php\/wp-json\/wp\/v2\/posts\/36955","targetHints":{"allow":["GET"]}}],"collection":[{"href":"https:\/\/www.oparanews.com.br\/index.php\/wp-json\/wp\/v2\/posts"}],"about":[{"href":"https:\/\/www.oparanews.com.br\/index.php\/wp-json\/wp\/v2\/types\/post"}],"author":[{"embeddable":true,"href":"https:\/\/www.oparanews.com.br\/index.php\/wp-json\/wp\/v2\/users\/2"}],"replies":[{"embeddable":true,"href":"https:\/\/www.oparanews.com.br\/index.php\/wp-json\/wp\/v2\/comments?post=36955"}],"version-history":[{"count":1,"href":"https:\/\/www.oparanews.com.br\/index.php\/wp-json\/wp\/v2\/posts\/36955\/revisions"}],"predecessor-version":[{"id":36957,"href":"https:\/\/www.oparanews.com.br\/index.php\/wp-json\/wp\/v2\/posts\/36955\/revisions\/36957"}],"wp:featuredmedia":[{"embeddable":true,"href":"https:\/\/www.oparanews.com.br\/index.php\/wp-json\/wp\/v2\/media\/36956"}],"wp:attachment":[{"href":"https:\/\/www.oparanews.com.br\/index.php\/wp-json\/wp\/v2\/media?parent=36955"}],"wp:term":[{"taxonomy":"category","embeddable":true,"href":"https:\/\/www.oparanews.com.br\/index.php\/wp-json\/wp\/v2\/categories?post=36955"},{"taxonomy":"post_tag","embeddable":true,"href":"https:\/\/www.oparanews.com.br\/index.php\/wp-json\/wp\/v2\/tags?post=36955"}],"curies":[{"name":"wp","href":"https:\/\/api.w.org\/{rel}","templated":true}]}}