{"id":36958,"date":"2026-03-08T20:13:31","date_gmt":"2026-03-08T23:13:31","guid":{"rendered":"https:\/\/www.oparanews.com.br\/?p=36958"},"modified":"2026-03-09T14:13:44","modified_gmt":"2026-03-09T17:13:44","slug":"upa-de-penedo-rebate-vereador-com-base-em-relatorios-e-expoe-tentativa-de-politizacao-de-obito","status":"publish","type":"post","link":"https:\/\/www.oparanews.com.br\/index.php\/2026\/03\/08\/upa-de-penedo-rebate-vereador-com-base-em-relatorios-e-expoe-tentativa-de-politizacao-de-obito\/","title":{"rendered":"UPA de Penedo rebate vereador com base em relat\u00f3rios e exp\u00f5e tentativa de politiza\u00e7\u00e3o de \u00f3bito"},"content":{"rendered":"<p>A Secretaria Municipal de Sa\u00fade de Penedo divulgou nota oficial e relat\u00f3rios t\u00e9cnicos para rebater declara\u00e7\u00f5es feitas por um vereador de Porto Real do Col\u00e9gio sobre o atendimento prestado a um paciente transferido para a UPA de Penedo. Segundo a pasta, n\u00e3o houve descaso e a vers\u00e3o divulgada nas redes sociais desconsidera fatos registrados pela equipe m\u00e9dica.<\/p>\n<p>De acordo com os documentos, o paciente deu entrada na unidade entre os dias 02 e 03 de mar\u00e7o de 2026, ap\u00f3s ser encaminhado pelo SAMU da cidade de origem. A Secretaria informa que ele foi prontamente recebido, assistido e acompanhado pela equipe m\u00e9dica. O caso foi inserido no Sistema Estadual de Regula\u00e7\u00e3o, a vaga para transfer\u00eancia foi autorizada e o SAMU chegou a ir at\u00e9 a unidade, mas o transporte n\u00e3o ocorreu naquele momento por causa da instabilidade cl\u00ednica apresentada pelo paciente.<\/p>\n<p>Os relat\u00f3rios tamb\u00e9m apontam que n\u00e3o houve comunica\u00e7\u00e3o pr\u00e9via da unidade de Porto Real do Col\u00e9gio antes da chegada do paciente \u00e0 UPA de Penedo. Conforme o registro m\u00e9dico, a equipe de Penedo ainda tentou contato com o plantonista da unidade de origem, mas n\u00e3o obteve resposta. O documento acrescenta que, por se tratar de quadro de intoxica\u00e7\u00e3o ex\u00f3gena, a refer\u00eancia estadual habitual inclui unidades com maior suporte, como a UE Arapiraca, al\u00e9m da recomenda\u00e7\u00e3o de discuss\u00e3o pr\u00e9via do caso antes da transfer\u00eancia inter-hospitalar.<\/p>\n<p>Confira a nota oficial na \u00edntegra:<\/p>\n<p>&nbsp;<\/p>\n<p><strong>NOTA OFICIAL<\/strong><\/p>\n<p>&nbsp;<\/p>\n<p><em>A Secretaria Municipal de Sa\u00fade de Penedo esclarece que n\u00e3o procede a afirma\u00e7\u00e3o de descaso no atendimento prestado pela Unidade de Pronto Atendimento (UPA) do munic\u00edpio. A unidade funciona de forma cont\u00ednua, com equipe m\u00e9dica e multiprofissional preparada para atender a popula\u00e7\u00e3o de Penedo e de toda a regi\u00e3o, acolhendo todos os pacientes que procuram assist\u00eancia, independentemente da cidade de origem.<\/em><\/p>\n<p><em>Em rela\u00e7\u00e3o ao caso mencionado em v\u00eddeo divulgado nas redes sociais, ocorrido entre os dias 02 e 03 de mar\u00e7o de 2026, a Secretaria informa que o paciente foi devidamente recebido na Unidade de Pronto Atendimento de Penedo, ap\u00f3s transporte realizado pelo SAMU da unidade de origem, na cidade de Porto Real do Col\u00e9gio. O paciente foi prontamente assistido e acompanhado pela equipe m\u00e9dica, conforme registrado em relat\u00f3rio cl\u00ednico detalhado.<\/em><\/p>\n<p><em>A equipe da UPA realizou o cadastro do caso e a solicita\u00e7\u00e3o de vaga para transfer\u00eancia no Sistema Estadual de Regula\u00e7\u00e3o, que foi autorizada, seguindo todos os protocolos estabelecidos e com os devidos registros realizados. Uma equipe do SAMU chegou a se deslocar at\u00e9 a unidade para efetuar o transporte; no entanto, a transfer\u00eancia n\u00e3o p\u00f4de ser realizada naquele momento em raz\u00e3o da instabilidade cl\u00ednica apresentada pelo paciente durante a avalia\u00e7\u00e3o m\u00e9dica, o que exigiu a continuidade da assist\u00eancia na pr\u00f3pria unidade at\u00e9 que houvesse condi\u00e7\u00f5es seguras para remo\u00e7\u00e3o.<\/em><\/p>\n<p><em>A Secretaria Municipal de Sa\u00fade de Penedo reafirma que todas as condutas adotadas seguiram rigorosamente os crit\u00e9rios m\u00e9dicos e os protocolos do Sistema \u00danico de Sa\u00fade (SUS), reiterando o compromisso da UPA com um atendimento respons\u00e1vel, t\u00e9cnico e humanizado \u00e0 popula\u00e7\u00e3o de Penedo e de toda a regi\u00e3o.<\/em><\/p>\n<p>&nbsp;<\/p>\n<p>&nbsp;<\/p>\n<p><strong>por Reda\u00e7\u00e3o com Assessoria<\/strong><\/p>\n","protected":false},"excerpt":{"rendered":"<p>A Secretaria Municipal de Sa\u00fade de Penedo divulgou nota oficial e relat\u00f3rios t\u00e9cnicos para rebater declara\u00e7\u00f5es feitas por um vereador de Porto Real do Col\u00e9gio sobre o atendimento prestado a um paciente transferido para a UPA de Penedo. Segundo a pasta, n\u00e3o houve descaso e a vers\u00e3o divulgada nas redes sociais desconsidera fatos registrados pela &hellip;<\/p>\n","protected":false},"author":2,"featured_media":36959,"comment_status":"open","ping_status":"open","sticky":false,"template":"","format":"standard","meta":{"_jetpack_memberships_contains_paid_content":false,"footnotes":""},"categories":[1,3],"tags":[],"class_list":["post-36958","post","type-post","status-publish","format-standard","has-post-thumbnail","hentry","category-destaque","category-penedo"],"jetpack_featured_media_url":"https:\/\/www.oparanews.com.br\/wp-content\/uploads\/2026\/03\/WhatsApp-Image-2026-03-08-at-12.21.14.jpeg","jetpack_sharing_enabled":true,"_links":{"self":[{"href":"https:\/\/www.oparanews.com.br\/index.php\/wp-json\/wp\/v2\/posts\/36958","targetHints":{"allow":["GET"]}}],"collection":[{"href":"https:\/\/www.oparanews.com.br\/index.php\/wp-json\/wp\/v2\/posts"}],"about":[{"href":"https:\/\/www.oparanews.com.br\/index.php\/wp-json\/wp\/v2\/types\/post"}],"author":[{"embeddable":true,"href":"https:\/\/www.oparanews.com.br\/index.php\/wp-json\/wp\/v2\/users\/2"}],"replies":[{"embeddable":true,"href":"https:\/\/www.oparanews.com.br\/index.php\/wp-json\/wp\/v2\/comments?post=36958"}],"version-history":[{"count":1,"href":"https:\/\/www.oparanews.com.br\/index.php\/wp-json\/wp\/v2\/posts\/36958\/revisions"}],"predecessor-version":[{"id":36960,"href":"https:\/\/www.oparanews.com.br\/index.php\/wp-json\/wp\/v2\/posts\/36958\/revisions\/36960"}],"wp:featuredmedia":[{"embeddable":true,"href":"https:\/\/www.oparanews.com.br\/index.php\/wp-json\/wp\/v2\/media\/36959"}],"wp:attachment":[{"href":"https:\/\/www.oparanews.com.br\/index.php\/wp-json\/wp\/v2\/media?parent=36958"}],"wp:term":[{"taxonomy":"category","embeddable":true,"href":"https:\/\/www.oparanews.com.br\/index.php\/wp-json\/wp\/v2\/categories?post=36958"},{"taxonomy":"post_tag","embeddable":true,"href":"https:\/\/www.oparanews.com.br\/index.php\/wp-json\/wp\/v2\/tags?post=36958"}],"curies":[{"name":"wp","href":"https:\/\/api.w.org\/{rel}","templated":true}]}}