{"id":36970,"date":"2026-03-11T14:30:09","date_gmt":"2026-03-11T17:30:09","guid":{"rendered":"https:\/\/www.oparanews.com.br\/?p=36970"},"modified":"2026-03-11T14:30:09","modified_gmt":"2026-03-11T17:30:09","slug":"com-avancos-no-turismo-no-bienio-2024-2025-comtur-elege-nova-diretoria-em-penedo","status":"publish","type":"post","link":"https:\/\/www.oparanews.com.br\/index.php\/2026\/03\/11\/com-avancos-no-turismo-no-bienio-2024-2025-comtur-elege-nova-diretoria-em-penedo\/","title":{"rendered":"Com avan\u00e7os no turismo no bi\u00eanio 2024\/2025, COMTUR elege nova diretoria em Penedo"},"content":{"rendered":"<p>O Conselho Municipal de Turismo de Penedo (COMTUR Penedo) realizou uma reuni\u00e3o na sede da Secretaria Municipal de Turismo e Economia Criativa (SETUREC) nesta ter\u00e7a-feira, 10, para apresentar uma retrospectiva das a\u00e7\u00f5es desenvolvidas ao longo do bi\u00eanio 2024\/2025, al\u00e9m de definir a nova gest\u00e3o para o per\u00edodo 2026\/2027.<\/p>\n<p>Durante o encontro, foram destacadas diversas pautas que obtiveram \u00eaxito a partir de solicita\u00e7\u00f5es do conselho, contribuindo diretamente para o fortalecimento do turismo no munic\u00edpio. Entre elas, os cursos de ingl\u00eas voltados ao trade tur\u00edstico de Penedo, o hor\u00e1rio de funcionamento dos pontos tur\u00edsticos, a instala\u00e7\u00e3o de containers de lixo no Centro Hist\u00f3rico, a apresenta\u00e7\u00e3o da vers\u00e3o beta do canal de atendimento Al\u00f4 Turista, o calend\u00e1rio anual de eventos do munic\u00edpio e a import\u00e2ncia da regulamenta\u00e7\u00e3o da profiss\u00e3o de guia de turismo.<\/p>\n<p>Os membros do conselho tamb\u00e9m participaram da vota\u00e7\u00e3o que definiu a nova diretoria do COMTUR Penedo para o bi\u00eanio 2026\/2027. A composi\u00e7\u00e3o ficou definida da seguinte forma: Maik Vieira permanece como presidente; Gabriel Melo assume como vice-presidente; Marileide Santos ser\u00e1 a 1\u00aa secret\u00e1ria e Josilan Barbosa, o 2\u00ba secret\u00e1rio; Angela Vieira ocupar\u00e1 o cargo de 1\u00aa tesoureira e Marcos Muniz ser\u00e1 o 2\u00ba tesoureiro; Ant\u00f4nia Melo atuar\u00e1 como 1\u00aa conselheira fiscal e Jay Anderson Amorim como 2\u00ba conselheiro fiscal.<\/p>\n<p><strong><em>\u201cTer um conselho ativo faz toda a diferen\u00e7a para o desenvolvimento do turismo. O COMTUR Penedo fortalece o di\u00e1logo entre o poder p\u00fablico, representado pela Prefeitura de Penedo, e o trade tur\u00edstico, permitindo que as decis\u00f5es sejam constru\u00eddas de forma conjunta e alinhadas \u00e0s necessidades reais do destino. Essa parceria \u00e9 essencial para avan\u00e7armos cada vez mais\u201d, afirmou.<\/em><\/strong><\/p>\n<p>A reuni\u00e3o tamb\u00e9m foi marcada por um momento de confraterniza\u00e7\u00e3o entre os participantes, quando foram relembradas as principais iniciativas desenvolvidas durante o bi\u00eanio, todas voltadas ao fortalecimento e ao desenvolvimento do turismo em Penedo.<\/p>\n<p><img loading=\"lazy\" decoding=\"async\" class=\"aligncenter size-full wp-image-36971\" src=\"http:\/\/www.oparanews.com.br\/wp-content\/uploads\/2026\/03\/seturecpenedo-comturpenedo-reuniao-02.avif\" alt=\"\" width=\"1280\" height=\"960\" \/><\/p>\n<p>\u201cFizemos um breve balan\u00e7o das a\u00e7\u00f5es do bi\u00eanio, destacando iniciativas que conseguimos concretizar e outras que ainda precisam de continuidade. Nosso conselho est\u00e1 de parab\u00e9ns, pois \u00e9 refer\u00eancia dentro do estado pela atua\u00e7\u00e3o e participa\u00e7\u00e3o dos membros. Agrade\u00e7o pela presen\u00e7a e pela assiduidade de todos ao longo desse per\u00edodo e espero que esse mesmo ritmo de trabalho siga no pr\u00f3ximo bi\u00eanio\u201d, disse Maik Vieira, presidente do COMTUR Penedo.<\/p>\n<p>&nbsp;<\/p>\n<p><strong>Por Assessoria Seturec<\/strong><\/p>\n<p>&nbsp;<\/p>\n","protected":false},"excerpt":{"rendered":"<p>O Conselho Municipal de Turismo de Penedo (COMTUR Penedo) realizou uma reuni\u00e3o na sede da Secretaria Municipal de Turismo e Economia Criativa (SETUREC) nesta ter\u00e7a-feira, 10, para apresentar uma retrospectiva das a\u00e7\u00f5es desenvolvidas ao longo do bi\u00eanio 2024\/2025, al\u00e9m de definir a nova gest\u00e3o para o per\u00edodo 2026\/2027. Durante o encontro, foram destacadas diversas pautas &hellip;<\/p>\n","protected":false},"author":2,"featured_media":36972,"comment_status":"open","ping_status":"open","sticky":false,"template":"","format":"standard","meta":{"_jetpack_memberships_contains_paid_content":false,"footnotes":""},"categories":[1,3],"tags":[],"class_list":["post-36970","post","type-post","status-publish","format-standard","has-post-thumbnail","hentry","category-destaque","category-penedo"],"jetpack_featured_media_url":"https:\/\/www.oparanews.com.br\/wp-content\/uploads\/2026\/03\/seturecpenedo-comturpenedo-reuniao-01.avif","jetpack_sharing_enabled":true,"_links":{"self":[{"href":"https:\/\/www.oparanews.com.br\/index.php\/wp-json\/wp\/v2\/posts\/36970","targetHints":{"allow":["GET"]}}],"collection":[{"href":"https:\/\/www.oparanews.com.br\/index.php\/wp-json\/wp\/v2\/posts"}],"about":[{"href":"https:\/\/www.oparanews.com.br\/index.php\/wp-json\/wp\/v2\/types\/post"}],"author":[{"embeddable":true,"href":"https:\/\/www.oparanews.com.br\/index.php\/wp-json\/wp\/v2\/users\/2"}],"replies":[{"embeddable":true,"href":"https:\/\/www.oparanews.com.br\/index.php\/wp-json\/wp\/v2\/comments?post=36970"}],"version-history":[{"count":1,"href":"https:\/\/www.oparanews.com.br\/index.php\/wp-json\/wp\/v2\/posts\/36970\/revisions"}],"predecessor-version":[{"id":36973,"href":"https:\/\/www.oparanews.com.br\/index.php\/wp-json\/wp\/v2\/posts\/36970\/revisions\/36973"}],"wp:featuredmedia":[{"embeddable":true,"href":"https:\/\/www.oparanews.com.br\/index.php\/wp-json\/wp\/v2\/media\/36972"}],"wp:attachment":[{"href":"https:\/\/www.oparanews.com.br\/index.php\/wp-json\/wp\/v2\/media?parent=36970"}],"wp:term":[{"taxonomy":"category","embeddable":true,"href":"https:\/\/www.oparanews.com.br\/index.php\/wp-json\/wp\/v2\/categories?post=36970"},{"taxonomy":"post_tag","embeddable":true,"href":"https:\/\/www.oparanews.com.br\/index.php\/wp-json\/wp\/v2\/tags?post=36970"}],"curies":[{"name":"wp","href":"https:\/\/api.w.org\/{rel}","templated":true}]}}