{"id":36993,"date":"2026-03-11T18:23:07","date_gmt":"2026-03-11T21:23:07","guid":{"rendered":"https:\/\/www.oparanews.com.br\/?p=36993"},"modified":"2026-03-11T18:23:07","modified_gmt":"2026-03-11T21:23:07","slug":"policia-civil-recupera-veiculo-roubado-e-identifica-possivel-desmanche-clandestino-em-arapiraca","status":"publish","type":"post","link":"https:\/\/www.oparanews.com.br\/index.php\/2026\/03\/11\/policia-civil-recupera-veiculo-roubado-e-identifica-possivel-desmanche-clandestino-em-arapiraca\/","title":{"rendered":"Pol\u00edcia Civil recupera ve\u00edculo roubado e identifica poss\u00edvel desmanche clandestino em Arapiraca"},"content":{"rendered":"<p>A Pol\u00edcia Civil de Alagoas recuperou um ve\u00edculo com registro de roubo\/furto e identificou um poss\u00edvel desmanche clandestino de autom\u00f3veis nessa ter\u00e7a-feira (10), no bairro Jardim Esperan\u00e7a, em Arapiraca.<\/p>\n<p>&nbsp;<\/p>\n<p>A a\u00e7\u00e3o foi realizada pela 4\u00aa Delegacia Regional de Pol\u00edcia (4\u00aa DRP) de Arapiraca, por meio do delegado Matheus Enrique.<\/p>\n<p>&nbsp;<\/p>\n<p>De acordo com as informa\u00e7\u00f5es, o ve\u00edculo VW\/Tera, de cor preta, pertencente \u00e0 uma locadora, e estava sendo rastreado por meio de sistema de monitoramento, que apontou sua localiza\u00e7\u00e3o em um galp\u00e3o situado na regi\u00e3o.<\/p>\n<p>Ao chegarem ao endere\u00e7o indicado, os policiais constataram que se tratava de um im\u00f3vel identificado como sede de uma empresa. Moradores da \u00e1rea relataram que um carro com as mesmas caracter\u00edsticas havia entrado no local pouco tempo antes.<\/p>\n<p>Com o aux\u00edlio de uma escada, os agentes conseguiram visualizar tr\u00eas ve\u00edculos dentro do estabelecimento, entre eles o VW\/Tera. Como n\u00e3o havia ningu\u00e9m no local e o rastreamento em tempo real continuava indicando que o carro estava dentro do im\u00f3vel, as equipes da R\u00e1dio Patrulha 6, do Canil e da 4\u00aa DRP realizaram a entrada t\u00e1tica no galp\u00e3o.<\/p>\n<p>O ve\u00edculo foi localizado sem placas, mas a identifica\u00e7\u00e3o do chassi no vidro confirmou que se tratava do autom\u00f3vel com registro de roubo\/furto.<\/p>\n<p>Durante a a\u00e7\u00e3o, os policiais tamb\u00e9m encontraram grande quantidade de pe\u00e7as automotivas, como motores, caixas de marcha, c\u00e2mbios, carca\u00e7as e diversas placas de ve\u00edculos, tanto no galp\u00e3o quanto em um im\u00f3vel vizinho, indicando a poss\u00edvel exist\u00eancia de um desmanche de ve\u00edculos.<\/p>\n<p>Devido ao grande volume de materiais, o local foi lacrado para realiza\u00e7\u00e3o de per\u00edcia pelo Instituto de Criminal\u00edstica (IC), que ir\u00e1 tentar identificar a origem das pe\u00e7as.<\/p>\n<p>Um advogado compareceu ao local informando representar o propriet\u00e1rio do im\u00f3vel e entregou a chave do ve\u00edculo recuperado. O autom\u00f3vel foi apreendido e encaminhado \u00e0 Delegacia Plantonista de Arapiraca para os procedimentos cab\u00edveis.<\/p>\n<p>&nbsp;<\/p>\n<p><strong>Fonte: Ascom PCAL<\/strong><\/p>\n","protected":false},"excerpt":{"rendered":"<p>A Pol\u00edcia Civil de Alagoas recuperou um ve\u00edculo com registro de roubo\/furto e identificou um poss\u00edvel desmanche clandestino de autom\u00f3veis nessa ter\u00e7a-feira (10), no bairro Jardim Esperan\u00e7a, em Arapiraca. &nbsp; A a\u00e7\u00e3o foi realizada pela 4\u00aa Delegacia Regional de Pol\u00edcia (4\u00aa DRP) de Arapiraca, por meio do delegado Matheus Enrique. &nbsp; De acordo com as &hellip;<\/p>\n","protected":false},"author":2,"featured_media":36994,"comment_status":"open","ping_status":"open","sticky":false,"template":"","format":"standard","meta":{"_jetpack_memberships_contains_paid_content":false,"footnotes":""},"categories":[4],"tags":[],"class_list":["post-36993","post","type-post","status-publish","format-standard","has-post-thumbnail","hentry","category-alagoas"],"jetpack_featured_media_url":"https:\/\/www.oparanews.com.br\/wp-content\/uploads\/2026\/03\/policia-civil-recupera-veiculo-roubado-e-identifica-possivel-desmanche-clandestino-em-arapiraca-scaled.jpeg","jetpack_sharing_enabled":true,"_links":{"self":[{"href":"https:\/\/www.oparanews.com.br\/index.php\/wp-json\/wp\/v2\/posts\/36993","targetHints":{"allow":["GET"]}}],"collection":[{"href":"https:\/\/www.oparanews.com.br\/index.php\/wp-json\/wp\/v2\/posts"}],"about":[{"href":"https:\/\/www.oparanews.com.br\/index.php\/wp-json\/wp\/v2\/types\/post"}],"author":[{"embeddable":true,"href":"https:\/\/www.oparanews.com.br\/index.php\/wp-json\/wp\/v2\/users\/2"}],"replies":[{"embeddable":true,"href":"https:\/\/www.oparanews.com.br\/index.php\/wp-json\/wp\/v2\/comments?post=36993"}],"version-history":[{"count":1,"href":"https:\/\/www.oparanews.com.br\/index.php\/wp-json\/wp\/v2\/posts\/36993\/revisions"}],"predecessor-version":[{"id":36995,"href":"https:\/\/www.oparanews.com.br\/index.php\/wp-json\/wp\/v2\/posts\/36993\/revisions\/36995"}],"wp:featuredmedia":[{"embeddable":true,"href":"https:\/\/www.oparanews.com.br\/index.php\/wp-json\/wp\/v2\/media\/36994"}],"wp:attachment":[{"href":"https:\/\/www.oparanews.com.br\/index.php\/wp-json\/wp\/v2\/media?parent=36993"}],"wp:term":[{"taxonomy":"category","embeddable":true,"href":"https:\/\/www.oparanews.com.br\/index.php\/wp-json\/wp\/v2\/categories?post=36993"},{"taxonomy":"post_tag","embeddable":true,"href":"https:\/\/www.oparanews.com.br\/index.php\/wp-json\/wp\/v2\/tags?post=36993"}],"curies":[{"name":"wp","href":"https:\/\/api.w.org\/{rel}","templated":true}]}}