{"id":36996,"date":"2026-03-11T18:26:22","date_gmt":"2026-03-11T21:26:22","guid":{"rendered":"https:\/\/www.oparanews.com.br\/?p=36996"},"modified":"2026-03-11T18:26:22","modified_gmt":"2026-03-11T21:26:22","slug":"ale-reconhece-festa-de-bom-jesus-dos-navegantes-como-patrimonio-imaterial","status":"publish","type":"post","link":"https:\/\/www.oparanews.com.br\/index.php\/2026\/03\/11\/ale-reconhece-festa-de-bom-jesus-dos-navegantes-como-patrimonio-imaterial\/","title":{"rendered":"ALE reconhece Festa de Bom Jesus dos Navegantes como patrim\u00f4nio imaterial"},"content":{"rendered":"<p>O Legislativo estadual de Alagoas aprovou o projeto de lei ordin\u00e1ria n\u00ba 1217\/2024, que reconhece a Festa de Bom Jesus dos Navegantes de Penedo como Patrim\u00f4nio Cultural de Natureza Imaterial do Estado. A vota\u00e7\u00e3o em segundo e \u00faltimo turno aconteceu nesta quarta-feira (11\/3). A iniciativa \u00e9 de autoria do deputado Delegado Leonam, do Uni\u00e3o Brasil.<\/p>\n<p>Com a aprova\u00e7\u00e3o definitiva, a celebra\u00e7\u00e3o religiosa passa a integrar oficialmente o conjunto de bens culturais reconhecidos pelo estado. A proposta passou por todas as etapas regimentais antes de receber o aval final dos parlamentares.<\/p>\n<p>O reconhecimento se baseia na import\u00e2ncia hist\u00f3rica, religiosa e cultural da festividade para Penedo, munic\u00edpio situado no Baixo S\u00e3o Francisco. O texto aprovado fundamenta-se no artigo 216 da Constitui\u00e7\u00e3o Federal de 1988, que define como patrim\u00f4nio cultural os bens materiais e imateriais que constituem refer\u00eancias \u00e0 identidade, \u00e0 a\u00e7\u00e3o e \u00e0 mem\u00f3ria dos diferentes grupos formadores da sociedade brasileira.<\/p>\n<p>A celebra\u00e7\u00e3o atrai centenas de fi\u00e9is e turistas anualmente. A popula\u00e7\u00e3o do Baixo S\u00e3o Francisco \u00e9 diretamente beneficiada pelo reconhecimento.<\/p>\n<p>O deputado Delegado Leonam ressaltou que a festividade possui impacto que vai al\u00e9m do aspecto religioso. &#8220;A festa \u00e9 uma grande celebra\u00e7\u00e3o de express\u00f5es culturais que representam a identidade do povo de Penedo e do Baixo S\u00e3o Francisco. As prociss\u00f5es, tanto terrestre quanto fluvial, com a participa\u00e7\u00e3o de centenas de fi\u00e9is e turistas, s\u00e3o acompanhadas de apresenta\u00e7\u00f5es culturais, como dan\u00e7as folcl\u00f3ricas, shows musicais e atividades esportivas&#8221;, afirmou.<\/p>\n<p>O parlamentar destacou ainda que a festividade movimenta a cultura e a economia local.<\/p>\n<p>&nbsp;<\/p>\n<p><strong>Fonte: Gazetaweb com Assessoria<\/strong><\/p>\n","protected":false},"excerpt":{"rendered":"<p>O Legislativo estadual de Alagoas aprovou o projeto de lei ordin\u00e1ria n\u00ba 1217\/2024, que reconhece a Festa de Bom Jesus dos Navegantes de Penedo como Patrim\u00f4nio Cultural de Natureza Imaterial do Estado. A vota\u00e7\u00e3o em segundo e \u00faltimo turno aconteceu nesta quarta-feira (11\/3). A iniciativa \u00e9 de autoria do deputado Delegado Leonam, do Uni\u00e3o Brasil. &hellip;<\/p>\n","protected":false},"author":2,"featured_media":36997,"comment_status":"open","ping_status":"open","sticky":false,"template":"","format":"standard","meta":{"_jetpack_memberships_contains_paid_content":false,"footnotes":""},"categories":[1,3],"tags":[],"class_list":["post-36996","post","type-post","status-publish","format-standard","has-post-thumbnail","hentry","category-destaque","category-penedo"],"jetpack_featured_media_url":"https:\/\/www.oparanews.com.br\/wp-content\/uploads\/2026\/03\/ale-reconhece-festa-de-bom-jesus-dos-navegantes-co-00885772-b9e83c4868d488f58c0db78b6f51e0a5-7.webp","jetpack_sharing_enabled":true,"_links":{"self":[{"href":"https:\/\/www.oparanews.com.br\/index.php\/wp-json\/wp\/v2\/posts\/36996","targetHints":{"allow":["GET"]}}],"collection":[{"href":"https:\/\/www.oparanews.com.br\/index.php\/wp-json\/wp\/v2\/posts"}],"about":[{"href":"https:\/\/www.oparanews.com.br\/index.php\/wp-json\/wp\/v2\/types\/post"}],"author":[{"embeddable":true,"href":"https:\/\/www.oparanews.com.br\/index.php\/wp-json\/wp\/v2\/users\/2"}],"replies":[{"embeddable":true,"href":"https:\/\/www.oparanews.com.br\/index.php\/wp-json\/wp\/v2\/comments?post=36996"}],"version-history":[{"count":1,"href":"https:\/\/www.oparanews.com.br\/index.php\/wp-json\/wp\/v2\/posts\/36996\/revisions"}],"predecessor-version":[{"id":36998,"href":"https:\/\/www.oparanews.com.br\/index.php\/wp-json\/wp\/v2\/posts\/36996\/revisions\/36998"}],"wp:featuredmedia":[{"embeddable":true,"href":"https:\/\/www.oparanews.com.br\/index.php\/wp-json\/wp\/v2\/media\/36997"}],"wp:attachment":[{"href":"https:\/\/www.oparanews.com.br\/index.php\/wp-json\/wp\/v2\/media?parent=36996"}],"wp:term":[{"taxonomy":"category","embeddable":true,"href":"https:\/\/www.oparanews.com.br\/index.php\/wp-json\/wp\/v2\/categories?post=36996"},{"taxonomy":"post_tag","embeddable":true,"href":"https:\/\/www.oparanews.com.br\/index.php\/wp-json\/wp\/v2\/tags?post=36996"}],"curies":[{"name":"wp","href":"https:\/\/api.w.org\/{rel}","templated":true}]}}