{"id":37005,"date":"2026-03-12T14:51:23","date_gmt":"2026-03-12T17:51:23","guid":{"rendered":"https:\/\/www.oparanews.com.br\/?p=37005"},"modified":"2026-03-12T14:51:23","modified_gmt":"2026-03-12T17:51:23","slug":"irmaos-sao-presos-por-trafico-e-associacao-ao-trafico-em-sao-miguel-dos-campos","status":"publish","type":"post","link":"https:\/\/www.oparanews.com.br\/index.php\/2026\/03\/12\/irmaos-sao-presos-por-trafico-e-associacao-ao-trafico-em-sao-miguel-dos-campos\/","title":{"rendered":"Irm\u00e3os s\u00e3o presos por tr\u00e1fico e associa\u00e7\u00e3o ao tr\u00e1fico em S\u00e3o Miguel dos Campos"},"content":{"rendered":"<p>Policiais civis de Alagoas prenderam em flagrante, nessa quarta-feira (11), dois irm\u00e3os suspeitos de tr\u00e1fico de drogas e associa\u00e7\u00e3o ao tr\u00e1fico no munic\u00edpio de S\u00e3o Miguel dos Campos. A a\u00e7\u00e3o foi realizada pela equipe da 6\u00aa Delegacia Regional de Pol\u00edcia (6\u00aa DRP).<\/p>\n<p>Os suspeitos, um homem de 26 anos e uma mulher de 30, foram detidos em uma resid\u00eancia localizada no Conjunto Mutir\u00e3o. Segundo a pol\u00edcia, os dois j\u00e1 vinham sendo monitorados pela equipe de investiga\u00e7\u00e3o da delegacia devido a suspeitas de envolvimento com o com\u00e9rcio de entorpecentes na regi\u00e3o.<\/p>\n<p>A opera\u00e7\u00e3o foi coordenada pelos delegados Bruno Em\u00edlio e Bruno Fernandes.<\/p>\n<p>De acordo com as investiga\u00e7\u00f5es, os agentes identificaram movimenta\u00e7\u00f5es suspeitas caracter\u00edsticas de tr\u00e1fico de drogas na casa dos investigados. Ap\u00f3s autoriza\u00e7\u00e3o dos propriet\u00e1rios do im\u00f3vel, os policiais entraram na resid\u00eancia e realizaram buscas.<\/p>\n<p>Durante a a\u00e7\u00e3o, foram encontrados aproximadamente 410 gramas de coca\u00edna e 250 gramas de maconha. Al\u00e9m das drogas, os policiais apreenderam diversos sacos utilizados para embalar entorpecentes, uma balan\u00e7a de precis\u00e3o, R$ 22 em c\u00e9dulas de dois reais, um simulacro de arma de fogo e tr\u00eas aparelhos celulares pertencentes aos suspeitos.<\/p>\n<p>Segundo a Pol\u00edcia Civil, os celulares ser\u00e3o encaminhados para per\u00edcia e poder\u00e3o auxiliar no avan\u00e7o das investiga\u00e7\u00f5es sobre poss\u00edveis liga\u00e7\u00f5es com outros envolvidos no tr\u00e1fico.<\/p>\n<p>Todo o material il\u00edcito foi apreendido, e os dois irm\u00e3os foram conduzidos para a sede da 6\u00aa DRP, onde foram realizados os procedimentos legais. Eles permanecem presos e \u00e0 disposi\u00e7\u00e3o da Justi\u00e7a.<\/p>\n<p>A Pol\u00edcia Civil refor\u00e7a que a popula\u00e7\u00e3o pode contribuir com o combate ao crime realizando den\u00fancias an\u00f4nimas por meio do Disque Den\u00fancia 181.<\/p>\n<p>&nbsp;<\/p>\n<p><strong>Fonte: Gazetaweb<\/strong><\/p>\n","protected":false},"excerpt":{"rendered":"<p>Policiais civis de Alagoas prenderam em flagrante, nessa quarta-feira (11), dois irm\u00e3os suspeitos de tr\u00e1fico de drogas e associa\u00e7\u00e3o ao tr\u00e1fico no munic\u00edpio de S\u00e3o Miguel dos Campos. A a\u00e7\u00e3o foi realizada pela equipe da 6\u00aa Delegacia Regional de Pol\u00edcia (6\u00aa DRP). Os suspeitos, um homem de 26 anos e uma mulher de 30, foram &hellip;<\/p>\n","protected":false},"author":2,"featured_media":37006,"comment_status":"open","ping_status":"open","sticky":false,"template":"","format":"standard","meta":{"_jetpack_memberships_contains_paid_content":false,"footnotes":""},"categories":[4],"tags":[],"class_list":["post-37005","post","type-post","status-publish","format-standard","has-post-thumbnail","hentry","category-alagoas"],"jetpack_featured_media_url":"https:\/\/www.oparanews.com.br\/wp-content\/uploads\/2026\/03\/irmaos-sao-presos-por-trafico-e-associacao-ao-traf-00885909-5cb327344ff1c189e736bfccef6b93bd-7.webp","jetpack_sharing_enabled":true,"_links":{"self":[{"href":"https:\/\/www.oparanews.com.br\/index.php\/wp-json\/wp\/v2\/posts\/37005","targetHints":{"allow":["GET"]}}],"collection":[{"href":"https:\/\/www.oparanews.com.br\/index.php\/wp-json\/wp\/v2\/posts"}],"about":[{"href":"https:\/\/www.oparanews.com.br\/index.php\/wp-json\/wp\/v2\/types\/post"}],"author":[{"embeddable":true,"href":"https:\/\/www.oparanews.com.br\/index.php\/wp-json\/wp\/v2\/users\/2"}],"replies":[{"embeddable":true,"href":"https:\/\/www.oparanews.com.br\/index.php\/wp-json\/wp\/v2\/comments?post=37005"}],"version-history":[{"count":1,"href":"https:\/\/www.oparanews.com.br\/index.php\/wp-json\/wp\/v2\/posts\/37005\/revisions"}],"predecessor-version":[{"id":37007,"href":"https:\/\/www.oparanews.com.br\/index.php\/wp-json\/wp\/v2\/posts\/37005\/revisions\/37007"}],"wp:featuredmedia":[{"embeddable":true,"href":"https:\/\/www.oparanews.com.br\/index.php\/wp-json\/wp\/v2\/media\/37006"}],"wp:attachment":[{"href":"https:\/\/www.oparanews.com.br\/index.php\/wp-json\/wp\/v2\/media?parent=37005"}],"wp:term":[{"taxonomy":"category","embeddable":true,"href":"https:\/\/www.oparanews.com.br\/index.php\/wp-json\/wp\/v2\/categories?post=37005"},{"taxonomy":"post_tag","embeddable":true,"href":"https:\/\/www.oparanews.com.br\/index.php\/wp-json\/wp\/v2\/tags?post=37005"}],"curies":[{"name":"wp","href":"https:\/\/api.w.org\/{rel}","templated":true}]}}