{"id":37008,"date":"2026-03-13T17:10:03","date_gmt":"2026-03-13T20:10:03","guid":{"rendered":"https:\/\/www.oparanews.com.br\/?p=37008"},"modified":"2026-03-13T17:10:03","modified_gmt":"2026-03-13T20:10:03","slug":"rua-da-upa-de-penedo-tera-estacionamento-em-apenas-um-lado-da-via-a-partir-de-segunda-feira-16","status":"publish","type":"post","link":"https:\/\/www.oparanews.com.br\/index.php\/2026\/03\/13\/rua-da-upa-de-penedo-tera-estacionamento-em-apenas-um-lado-da-via-a-partir-de-segunda-feira-16\/","title":{"rendered":"Rua da UPA de Penedo ter\u00e1 estacionamento em apenas um lado da via a partir de segunda-feira, 16"},"content":{"rendered":"<p>A Prefeitura de Penedo, por meio da Superintend\u00eancia Municipal de Transportes e Tr\u00e2nsito (SMTT), est\u00e1 implantando uma importante medida relacionada com a Unidade de Pronto Atendimento (UPA).<\/p>\n<p>A via onde est\u00e1 situado o pronto-socorro p\u00fablico ter\u00e1 estacionamento proibido no lado oposto ao da UPA, desde a esquina com a Avenida Wanderley at\u00e9 a bifurca\u00e7\u00e3o entre as ruas Duque de Caxias e Enoy Magalh\u00e3es, vias de acesso r\u00e1pido \u00e0 unidade de sa\u00fade que funciona 24 horas.<\/p>\n<p>O objetivo da inova\u00e7\u00e3o \u00e9 melhorar o\u00a0 fluxo de ve\u00edculos na rua erroneamente identificada em aplicativos como Eul\u00f3gio Bispo, sendo a sua identifica\u00e7\u00e3o oficial Rua Eut\u00edquio Lopes.<\/p>\n<p><img loading=\"lazy\" decoding=\"async\" class=\"aligncenter size-full wp-image-37009\" src=\"http:\/\/www.oparanews.com.br\/wp-content\/uploads\/2026\/03\/UPA-Penedo-24-horas.avif\" alt=\"\" width=\"999\" height=\"665\" \/><\/p>\n<p><em><strong>\u201cN\u00f3s vamos interditar essa via no domingo \u00e0 noite para poder fazer a devida sinaliza\u00e7\u00e3o, vertical e horizontal, iniciando o trabalho de orienta\u00e7\u00e3o na segunda-feira, nos hor\u00e1rios de pico, inclusive porque ser\u00e1 o mantido o fluxo de m\u00e3o dupla para que os deslocamentos de socorro em direa\u00e7\u00e3o \u00e0 UPA ocorram sempre da forma mais breve poss\u00edvel\u201d, informa o superintendente da SMTT Penedo, Joan\u00edlson Sampaio J\u00fanior (Jota J\u00fanior).<\/strong><\/em><\/p>\n<p>Com isso, o deslocamento de ambul\u00e2ncias e at\u00e9 de carros particulares com pessoal em situa\u00e7\u00e3o de urg\u00eancia ou emerg\u00eancia ser\u00e1 facilitado para atendimento na UPA de Penedo.<\/p>\n<p>&nbsp;<\/p>\n<p><strong>Por Secom PMP<\/strong><\/p>\n","protected":false},"excerpt":{"rendered":"<p>A Prefeitura de Penedo, por meio da Superintend\u00eancia Municipal de Transportes e Tr\u00e2nsito (SMTT), est\u00e1 implantando uma importante medida relacionada com a Unidade de Pronto Atendimento (UPA). A via onde est\u00e1 situado o pronto-socorro p\u00fablico ter\u00e1 estacionamento proibido no lado oposto ao da UPA, desde a esquina com a Avenida Wanderley at\u00e9 a bifurca\u00e7\u00e3o entre &hellip;<\/p>\n","protected":false},"author":2,"featured_media":37010,"comment_status":"open","ping_status":"open","sticky":false,"template":"","format":"standard","meta":{"_jetpack_memberships_contains_paid_content":false,"footnotes":""},"categories":[1,3],"tags":[],"class_list":["post-37008","post","type-post","status-publish","format-standard","has-post-thumbnail","hentry","category-destaque","category-penedo"],"jetpack_featured_media_url":"https:\/\/www.oparanews.com.br\/wp-content\/uploads\/2026\/03\/Sem-titulo-2.png","jetpack_sharing_enabled":true,"_links":{"self":[{"href":"https:\/\/www.oparanews.com.br\/index.php\/wp-json\/wp\/v2\/posts\/37008","targetHints":{"allow":["GET"]}}],"collection":[{"href":"https:\/\/www.oparanews.com.br\/index.php\/wp-json\/wp\/v2\/posts"}],"about":[{"href":"https:\/\/www.oparanews.com.br\/index.php\/wp-json\/wp\/v2\/types\/post"}],"author":[{"embeddable":true,"href":"https:\/\/www.oparanews.com.br\/index.php\/wp-json\/wp\/v2\/users\/2"}],"replies":[{"embeddable":true,"href":"https:\/\/www.oparanews.com.br\/index.php\/wp-json\/wp\/v2\/comments?post=37008"}],"version-history":[{"count":1,"href":"https:\/\/www.oparanews.com.br\/index.php\/wp-json\/wp\/v2\/posts\/37008\/revisions"}],"predecessor-version":[{"id":37011,"href":"https:\/\/www.oparanews.com.br\/index.php\/wp-json\/wp\/v2\/posts\/37008\/revisions\/37011"}],"wp:featuredmedia":[{"embeddable":true,"href":"https:\/\/www.oparanews.com.br\/index.php\/wp-json\/wp\/v2\/media\/37010"}],"wp:attachment":[{"href":"https:\/\/www.oparanews.com.br\/index.php\/wp-json\/wp\/v2\/media?parent=37008"}],"wp:term":[{"taxonomy":"category","embeddable":true,"href":"https:\/\/www.oparanews.com.br\/index.php\/wp-json\/wp\/v2\/categories?post=37008"},{"taxonomy":"post_tag","embeddable":true,"href":"https:\/\/www.oparanews.com.br\/index.php\/wp-json\/wp\/v2\/tags?post=37008"}],"curies":[{"name":"wp","href":"https:\/\/api.w.org\/{rel}","templated":true}]}}