{"id":37012,"date":"2026-03-13T17:13:12","date_gmt":"2026-03-13T20:13:12","guid":{"rendered":"https:\/\/www.oparanews.com.br\/?p=37012"},"modified":"2026-03-13T17:13:12","modified_gmt":"2026-03-13T20:13:12","slug":"primeira-edicao-do-programa-visao-para-todos-da-prefeitura-de-penedo-realiza-1-612-atendimentos","status":"publish","type":"post","link":"https:\/\/www.oparanews.com.br\/index.php\/2026\/03\/13\/primeira-edicao-do-programa-visao-para-todos-da-prefeitura-de-penedo-realiza-1-612-atendimentos\/","title":{"rendered":"Primeira edi\u00e7\u00e3o do Programa Vis\u00e3o Para Todos, da Prefeitura de Penedo, realiza 1.612 atendimentos"},"content":{"rendered":"<p>A Prefeitura de Penedo apresenta os dados da primeira edi\u00e7\u00e3o do Programa Vis\u00e3o Para Todos, o maior em sa\u00fade dos olhos na hist\u00f3ria de Penedo e da regi\u00e3o do Baixo S\u00e3o Francisco.<\/p>\n<p>Durante a a\u00e7\u00e3o inicial do\u00a0programa viabilizado com recursos de emenda parlamentar do deputado federal Luciano Amaral, foram realizados 1.612 procedimentos em sa\u00fade, incluindo consultas m\u00e9dicas, exames oftalmol\u00f3gicos especializados e diversas marca\u00e7\u00f5es de exames cardiol\u00f3gicos e laboratoriais.<\/p>\n<p>Entre os atendimentos realizados, destacam-se 250 consultas oftalmol\u00f3gicas, al\u00e9m de exames fundamentais para a avalia\u00e7\u00e3o da sa\u00fade ocular, como teste ort\u00f3ptico, tonometria, mapeamento de retina e biomicroscopia, procedimentos essenciais para identificar precocemente doen\u00e7as da vis\u00e3o e garantir o acompanhamento adequado dos pacientes.<\/p>\n<p><img loading=\"lazy\" decoding=\"async\" class=\"aligncenter size-full wp-image-37014\" src=\"http:\/\/www.oparanews.com.br\/wp-content\/uploads\/2026\/03\/programa-visao-melhor-penedo-1.avif\" alt=\"\" width=\"1600\" height=\"1066\" \/><\/p>\n<p>O Vis\u00e3o Para Todos tamb\u00e9m contemplou retornos cl\u00ednicos para acompanhamento p\u00f3s-operat\u00f3rio, com 50 atendimentos de pacientes que passaram por cirurgia de catarata e 17 retornos relacionados ao tratamento de pter\u00edgio, assegurando continuidade na assist\u00eancia e monitoramento da recupera\u00e7\u00e3o.<\/p>\n<blockquote><p>\u201cEu tive a oportunidade de ouvir o relato de uma paciente que participou do programa e aquilo me marcou muito. Ela me contou que j\u00e1 estava sem enxergar dos dois olhos e acreditava que n\u00e3o teria mais solu\u00e7\u00e3o. Durante o atendimento do Vis\u00e3o Para Todos, o m\u00e9dico conseguiu recuperar a vis\u00e3o de um dos olhos e a cirurgia do outro foi marcada. Ela me agradeceu muito, emocionada, dizendo que nunca imaginou que voltaria a enxergar novamente. \u00c9 por hist\u00f3rias como essa que seguimos trabalhando. Al\u00e9m dos mais de mil e seiscentos atendimentos realizados, o que realmente importa \u00e9 devolver dignidade, esperan\u00e7a e qualidade de vida \u00e0s pessoas de Penedo\u201d, destaca o prefeito Ronaldo Lopes.<\/p><\/blockquote>\n<p>Na \u00e1rea de exames laboratoriais e cardiol\u00f3gicos, foram solicitados 50 eletrocardiogramas, al\u00e9m de 50 hemogramas, 50 exames de glicemia e 50 coagulogramas, para uma avalia\u00e7\u00e3o completa da sa\u00fade dos pacientes atendidos.<\/p>\n<p>Durante as consultas realizadas pelo programa, um caso chamou a aten\u00e7\u00e3o da equipe m\u00e9dica. Uma paciente foi atendida relatando forte dor no olho h\u00e1 cerca de tr\u00eas meses, causada por uma pedra alojada na regi\u00e3o ocular.<\/p>\n<p><img loading=\"lazy\" decoding=\"async\" class=\"aligncenter size-full wp-image-37013\" src=\"http:\/\/www.oparanews.com.br\/wp-content\/uploads\/2026\/03\/programa-visao-melhor-ronaldo-lopes-luciano-amaral-8.avif\" alt=\"\" width=\"1600\" height=\"1066\" \/><\/p>\n<p>Ap\u00f3s a avalia\u00e7\u00e3o especializada, a paciente foi encaminhada para o Hospital Regional da Santa Casa de Miseric\u00f3rdia de Penedo para realiza\u00e7\u00e3o da cirurgia de retirada da pedra. O caso evidencia a import\u00e2ncia do Programa Vis\u00e3o Para Todos, que tem possibilitado diagn\u00f3stico e encaminhamento r\u00e1pido para tratamento adequado.<\/p>\n<blockquote><p><em><strong>\u201cO mais importante \u00e9 ver que o paciente chega, \u00e9 acolhido, realiza seus exames e j\u00e1 sai com seus encaminhamentos organizados. Isso \u00e9 resolutividade na sa\u00fade p\u00fablica. O Programa Vis\u00e3o Para Todos veio exatamente para isso, facilitar o acesso e garantir cuidado com dignidade para a nossa popula\u00e7\u00e3o. J\u00e1 recebemos feedbacks muito importantes de pacientes que foram atendidos, realizaram consultas, fizeram seus exames pr\u00e9-operat\u00f3rios e j\u00e1 sa\u00edram com seus procedimentos e acompanhamentos devidamente organizados. Isso demonstra que o Vis\u00e3o Para Todos nasceu para facilitar o acesso da popula\u00e7\u00e3o \u00e0 sa\u00fade e garantir mais agilidade no diagn\u00f3stico e no tratamento. Seguiremos aprimorando cada etapa do programa, porque o nosso compromisso \u00e9 ampliar cada vez mais o cuidado e a aten\u00e7\u00e3o \u00e0 sa\u00fade da popula\u00e7\u00e3o de Penedo\u201d, declarou a Secret\u00e1ria Municipal de Sa\u00fade Waninna Mendon\u00e7a.<\/strong><\/em><\/p><\/blockquote>\n<p><strong>Pr\u00f3ximas a\u00e7\u00f5es do programa<\/strong><\/p>\n<p>As pr\u00f3ximas etapas da iniciativa pioneira em sa\u00fade ocular de Penedo e regi\u00e3o acontecer\u00e3o nos dias 16, 23 e 30 de mar\u00e7o, mantendo a assist\u00eancia para estudantes da Educa\u00e7\u00e3o de Jovens e Adultos (EJA) matriculados na Secretaria Municipal de Educa\u00e7\u00e3o (SEMED).<\/p>\n<p>Conclu\u00eddo o trabalho nas turmas da EJA, o Vis\u00e3o Para Todos ser\u00e1 direcionado para estudantes da rede p\u00fablica municipal com at\u00e9 nove anos de idade, avan\u00e7ando em seguida para a popula\u00e7\u00e3o em geral, promovendo mais acesso a exames e acompanhamento oftalmol\u00f3gico por meio dessa pol\u00edtica p\u00fablica inovadora da Prefeitura de Penedo.<\/p>\n<p>&nbsp;<\/p>\n<p><strong>Por Assessoria SMS e Secom PMP<\/strong><\/p>\n","protected":false},"excerpt":{"rendered":"<p>A Prefeitura de Penedo apresenta os dados da primeira edi\u00e7\u00e3o do Programa Vis\u00e3o Para Todos, o maior em sa\u00fade dos olhos na hist\u00f3ria de Penedo e da regi\u00e3o do Baixo S\u00e3o Francisco. Durante a a\u00e7\u00e3o inicial do\u00a0programa viabilizado com recursos de emenda parlamentar do deputado federal Luciano Amaral, foram realizados 1.612 procedimentos em sa\u00fade, incluindo &hellip;<\/p>\n","protected":false},"author":2,"featured_media":37015,"comment_status":"open","ping_status":"open","sticky":false,"template":"","format":"standard","meta":{"_jetpack_memberships_contains_paid_content":false,"footnotes":""},"categories":[1,3],"tags":[],"class_list":["post-37012","post","type-post","status-publish","format-standard","has-post-thumbnail","hentry","category-destaque","category-penedo"],"jetpack_featured_media_url":"https:\/\/www.oparanews.com.br\/wp-content\/uploads\/2026\/03\/Sem-titulo-3.png","jetpack_sharing_enabled":true,"_links":{"self":[{"href":"https:\/\/www.oparanews.com.br\/index.php\/wp-json\/wp\/v2\/posts\/37012","targetHints":{"allow":["GET"]}}],"collection":[{"href":"https:\/\/www.oparanews.com.br\/index.php\/wp-json\/wp\/v2\/posts"}],"about":[{"href":"https:\/\/www.oparanews.com.br\/index.php\/wp-json\/wp\/v2\/types\/post"}],"author":[{"embeddable":true,"href":"https:\/\/www.oparanews.com.br\/index.php\/wp-json\/wp\/v2\/users\/2"}],"replies":[{"embeddable":true,"href":"https:\/\/www.oparanews.com.br\/index.php\/wp-json\/wp\/v2\/comments?post=37012"}],"version-history":[{"count":1,"href":"https:\/\/www.oparanews.com.br\/index.php\/wp-json\/wp\/v2\/posts\/37012\/revisions"}],"predecessor-version":[{"id":37016,"href":"https:\/\/www.oparanews.com.br\/index.php\/wp-json\/wp\/v2\/posts\/37012\/revisions\/37016"}],"wp:featuredmedia":[{"embeddable":true,"href":"https:\/\/www.oparanews.com.br\/index.php\/wp-json\/wp\/v2\/media\/37015"}],"wp:attachment":[{"href":"https:\/\/www.oparanews.com.br\/index.php\/wp-json\/wp\/v2\/media?parent=37012"}],"wp:term":[{"taxonomy":"category","embeddable":true,"href":"https:\/\/www.oparanews.com.br\/index.php\/wp-json\/wp\/v2\/categories?post=37012"},{"taxonomy":"post_tag","embeddable":true,"href":"https:\/\/www.oparanews.com.br\/index.php\/wp-json\/wp\/v2\/tags?post=37012"}],"curies":[{"name":"wp","href":"https:\/\/api.w.org\/{rel}","templated":true}]}}