{"id":37025,"date":"2026-03-16T14:39:57","date_gmt":"2026-03-16T17:39:57","guid":{"rendered":"https:\/\/www.oparanews.com.br\/?p=37025"},"modified":"2026-03-16T14:39:57","modified_gmt":"2026-03-16T17:39:57","slug":"abertura-do-projeto-seis-meia-em-penedo-lota-theatro-sete-de-setembro","status":"publish","type":"post","link":"https:\/\/www.oparanews.com.br\/index.php\/2026\/03\/16\/abertura-do-projeto-seis-meia-em-penedo-lota-theatro-sete-de-setembro\/","title":{"rendered":"Abertura do Projeto Seis &#038; Meia em Penedo lota Theatro Sete de Setembro"},"content":{"rendered":"<p>A segunda temporada da iniciativa que inclui Penedo no trabalho que promove shows de artistas consagrados e novos talentos da MPB lotou o Theatro Sete de Setembro na noite deste domingo, 15.<\/p>\n<p>As primeiras apresenta\u00e7\u00f5es do Projeto Seis &amp; Meia em Penedo em 2026 colocaram as banda Gato Negro e Lostalgia no palco do primeiro teatro constru\u00eddo em Alagoas, equipamento fundamental para a realiza\u00e7\u00e3o do evento que acontece em quatro estados da regi\u00e3o Nordeste.<\/p>\n<figure id=\"attachment_37027\" aria-describedby=\"caption-attachment-37027\" style=\"width: 1536px\" class=\"wp-caption aligncenter\"><img loading=\"lazy\" decoding=\"async\" class=\"size-full wp-image-37027\" src=\"http:\/\/www.oparanews.com.br\/wp-content\/uploads\/2026\/03\/projeto-seis-e-meia-penedo-foto-kamylla-feitosa-8-1536x1023-1.avif\" alt=\"\" width=\"1536\" height=\"1023\" \/><figcaption id=\"caption-attachment-37027\" class=\"wp-caption-text\">Kamylla Feitosa<\/figcaption><\/figure>\n<p>Replicando o modelo do projeto criado na d\u00e9cada de 1970 que revelou artistas como Belchior e Simone, o investimento em cultura ganhou novo impulso recentemente, a partir de Natal-RN, ampliado para Recife-PE, Jo\u00e3o Pessoa-PB e em nosso estado, na capital e na Cidade Criativa da Unesco.<\/p>\n<p>Em Penedo, o rock autoral da\u00a0<strong><a href=\"https:\/\/www.instagram.com\/bandagatonegro\/\">banda arapiraquense Gato Negro<\/a><\/strong>\u00a0abriu a programa\u00e7\u00e3o do Projeto Seis &amp; Meia este ano, no territ\u00f3rio alagoano. Em seguida, a banda maranhense\u00a0<a href=\"https:\/\/lostalgia.com.br\/\"><strong>Lostalgia<\/strong><\/a>\u00a0mostrou porque faz sucesso.<\/p>\n<figure id=\"attachment_37026\" aria-describedby=\"caption-attachment-37026\" style=\"width: 1536px\" class=\"wp-caption aligncenter\"><img loading=\"lazy\" decoding=\"async\" class=\"size-full wp-image-37026\" src=\"http:\/\/www.oparanews.com.br\/wp-content\/uploads\/2026\/03\/projeto-seis-e-meia-penedo-foto-kamylla-feitosa-11-1536x1023-1.avif\" alt=\"\" width=\"1536\" height=\"1023\" \/><figcaption id=\"caption-attachment-37026\" class=\"wp-caption-text\">Kamylla Feitosa<\/figcaption><\/figure>\n<p>O p\u00fablico cantou e dan\u00e7ou as can\u00e7\u00f5es do repert\u00f3rio do grupo\u00a0liderada pelo cantor e guitarrista Alysson Fernandes. M\u00fasicas de Reginaldo Rossi, Roberto Carlos, Diana, Fernando Mendes, The Fevers e outras do estilo \u2018roque retr\u00f4\u2019 brasileiro.<\/p>\n<p>Com shows mensais, as pr\u00f3ximas edi\u00e7\u00f5es do Seis &amp; Meia em Penedo \u2013 uma realiza\u00e7\u00e3o da empresa Sue Chamusca Arte e Assessoria em parceria com a Prefeitura de Penedo \u2013 reservam artistas do n\u00edvel de Jane Duboc, Nico Rezende e Alice Caymmi.<\/p>\n<p>&nbsp;<\/p>\n<p><strong>Por Secom PMP<\/strong><\/p>\n","protected":false},"excerpt":{"rendered":"<p>A segunda temporada da iniciativa que inclui Penedo no trabalho que promove shows de artistas consagrados e novos talentos da MPB lotou o Theatro Sete de Setembro na noite deste domingo, 15. As primeiras apresenta\u00e7\u00f5es do Projeto Seis &amp; Meia em Penedo em 2026 colocaram as banda Gato Negro e Lostalgia no palco do primeiro &hellip;<\/p>\n","protected":false},"author":2,"featured_media":37028,"comment_status":"open","ping_status":"open","sticky":false,"template":"","format":"standard","meta":{"_jetpack_memberships_contains_paid_content":false,"footnotes":""},"categories":[1,3],"tags":[],"class_list":["post-37025","post","type-post","status-publish","format-standard","has-post-thumbnail","hentry","category-destaque","category-penedo"],"jetpack_featured_media_url":"https:\/\/www.oparanews.com.br\/wp-content\/uploads\/2026\/03\/Sem-titulo-4.png","jetpack_sharing_enabled":true,"_links":{"self":[{"href":"https:\/\/www.oparanews.com.br\/index.php\/wp-json\/wp\/v2\/posts\/37025","targetHints":{"allow":["GET"]}}],"collection":[{"href":"https:\/\/www.oparanews.com.br\/index.php\/wp-json\/wp\/v2\/posts"}],"about":[{"href":"https:\/\/www.oparanews.com.br\/index.php\/wp-json\/wp\/v2\/types\/post"}],"author":[{"embeddable":true,"href":"https:\/\/www.oparanews.com.br\/index.php\/wp-json\/wp\/v2\/users\/2"}],"replies":[{"embeddable":true,"href":"https:\/\/www.oparanews.com.br\/index.php\/wp-json\/wp\/v2\/comments?post=37025"}],"version-history":[{"count":1,"href":"https:\/\/www.oparanews.com.br\/index.php\/wp-json\/wp\/v2\/posts\/37025\/revisions"}],"predecessor-version":[{"id":37029,"href":"https:\/\/www.oparanews.com.br\/index.php\/wp-json\/wp\/v2\/posts\/37025\/revisions\/37029"}],"wp:featuredmedia":[{"embeddable":true,"href":"https:\/\/www.oparanews.com.br\/index.php\/wp-json\/wp\/v2\/media\/37028"}],"wp:attachment":[{"href":"https:\/\/www.oparanews.com.br\/index.php\/wp-json\/wp\/v2\/media?parent=37025"}],"wp:term":[{"taxonomy":"category","embeddable":true,"href":"https:\/\/www.oparanews.com.br\/index.php\/wp-json\/wp\/v2\/categories?post=37025"},{"taxonomy":"post_tag","embeddable":true,"href":"https:\/\/www.oparanews.com.br\/index.php\/wp-json\/wp\/v2\/tags?post=37025"}],"curies":[{"name":"wp","href":"https:\/\/api.w.org\/{rel}","templated":true}]}}