{"id":37030,"date":"2026-03-16T14:45:55","date_gmt":"2026-03-16T17:45:55","guid":{"rendered":"https:\/\/www.oparanews.com.br\/?p=37030"},"modified":"2026-03-16T14:45:55","modified_gmt":"2026-03-16T17:45:55","slug":"prefeitura-de-penedo-e-parceiros-iniciam-atividades-da-semana-da-agua-nesta-terca-16","status":"publish","type":"post","link":"https:\/\/www.oparanews.com.br\/index.php\/2026\/03\/16\/prefeitura-de-penedo-e-parceiros-iniciam-atividades-da-semana-da-agua-nesta-terca-16\/","title":{"rendered":"Prefeitura de Penedo e parceiros iniciam atividades da Semana da \u00c1gua nesta ter\u00e7a, 16"},"content":{"rendered":"<p>A Prefeitura de Penedo, por meio das secretarias municipais de Meio Ambiente e Recursos H\u00eddricos (SEMARH) e de Educa\u00e7\u00e3o (SEMED), em parceria com o Instituto de Meio Ambiente (IMA Alagoas), CODEVASF, SAAE, UFAL, IFAL e ONG Meros do Brasil preparou uma programa\u00e7\u00e3o especial para celebrar a Semana da \u00c1gua 2026.<\/p>\n<p>A abertura acontece nesta ter\u00e7a-feira, 17, a partir das 14h30, no Povoado Tabuleiro dos Negros, na Pra\u00e7a Le\u00f4ncio Matias, com atividades abertas ao p\u00fablico e estudantes da Escola Municipal Santo Ant\u00f4nio na\u00a0comunidade quilombola que ser\u00e1 contemplada com creche, mais um investimento do prefeito Ronaldo Lopes e do vice Valdinho Monteiro.<\/p>\n<p>Na quarta-feira, 18, as atividades da Semana da \u00c1gua em Penedo chegam ao Rio S\u00e3o Francisco, com o Barco Escola e a ONG Meros do Brasil, reunindo estudantes da rede p\u00fablica \u00e0s 07h30, proporcionando uma viv\u00eancia direta com o ecossistema fluvial da regi\u00e3o.<\/p>\n<p><img loading=\"lazy\" decoding=\"async\" class=\"aligncenter size-full wp-image-37032\" src=\"http:\/\/www.oparanews.com.br\/wp-content\/uploads\/2026\/03\/semana-agua-penedo-plantio-muda.avif\" alt=\"\" width=\"965\" height=\"720\" \/><\/p>\n<p>Ainda na quarta-feira, a programa\u00e7\u00e3o noturna ser\u00e1 voltada para o conhecimento t\u00e9cnico e institucional, com uma palestra realizada pelo SAAE Penedo na Escola Municipal Arlindo Ferreira, \u00e0s 19 horas, para estudantes da EJA.<\/p>\n<p>Na quinta-feira, 19 de mar\u00e7o, a turma da Educa\u00e7\u00e3o de Jovens e Adultos da Escola Municipal Bar\u00e3o de Penedo ser\u00e1 contemplada com a palestra Qu\u00edmica \u00e9 Show, projeto de extens\u00e3o do IFAL Penedo, atividade que promete desvendar os segredos cient\u00edficos por tr\u00e1s do tratamento e da qualidade da \u00e1gua de forma l\u00fadica e envolvente.<\/p>\n<p><img loading=\"lazy\" decoding=\"async\" class=\"aligncenter size-full wp-image-37031\" src=\"http:\/\/www.oparanews.com.br\/wp-content\/uploads\/2026\/03\/peixamento-codevasf-penedo.avif\" alt=\"\" width=\"1600\" height=\"973\" \/><\/p>\n<p>O encerramento da Semana da \u00c1gua em Penedo acontecer\u00e1 na sexta-feira, 20, no Povoado Ponta Mofina, com peixamento no Rio S\u00e3o Francisco e plantio de mudas, a\u00e7\u00f5es pr\u00e1ticas de recupera\u00e7\u00e3o da mata ciliar e a renova\u00e7\u00e3o da fauna aqu\u00e1tica.<\/p>\n<p>&nbsp;<\/p>\n<p><strong>Por Secom PMP<\/strong><\/p>\n","protected":false},"excerpt":{"rendered":"<p>A Prefeitura de Penedo, por meio das secretarias municipais de Meio Ambiente e Recursos H\u00eddricos (SEMARH) e de Educa\u00e7\u00e3o (SEMED), em parceria com o Instituto de Meio Ambiente (IMA Alagoas), CODEVASF, SAAE, UFAL, IFAL e ONG Meros do Brasil preparou uma programa\u00e7\u00e3o especial para celebrar a Semana da \u00c1gua 2026. A abertura acontece nesta ter\u00e7a-feira, &hellip;<\/p>\n","protected":false},"author":2,"featured_media":37033,"comment_status":"open","ping_status":"open","sticky":false,"template":"","format":"standard","meta":{"_jetpack_memberships_contains_paid_content":false,"footnotes":""},"categories":[1,3],"tags":[],"class_list":["post-37030","post","type-post","status-publish","format-standard","has-post-thumbnail","hentry","category-destaque","category-penedo"],"jetpack_featured_media_url":"https:\/\/www.oparanews.com.br\/wp-content\/uploads\/2026\/03\/Sem-titulo-5.png","jetpack_sharing_enabled":true,"_links":{"self":[{"href":"https:\/\/www.oparanews.com.br\/index.php\/wp-json\/wp\/v2\/posts\/37030","targetHints":{"allow":["GET"]}}],"collection":[{"href":"https:\/\/www.oparanews.com.br\/index.php\/wp-json\/wp\/v2\/posts"}],"about":[{"href":"https:\/\/www.oparanews.com.br\/index.php\/wp-json\/wp\/v2\/types\/post"}],"author":[{"embeddable":true,"href":"https:\/\/www.oparanews.com.br\/index.php\/wp-json\/wp\/v2\/users\/2"}],"replies":[{"embeddable":true,"href":"https:\/\/www.oparanews.com.br\/index.php\/wp-json\/wp\/v2\/comments?post=37030"}],"version-history":[{"count":1,"href":"https:\/\/www.oparanews.com.br\/index.php\/wp-json\/wp\/v2\/posts\/37030\/revisions"}],"predecessor-version":[{"id":37034,"href":"https:\/\/www.oparanews.com.br\/index.php\/wp-json\/wp\/v2\/posts\/37030\/revisions\/37034"}],"wp:featuredmedia":[{"embeddable":true,"href":"https:\/\/www.oparanews.com.br\/index.php\/wp-json\/wp\/v2\/media\/37033"}],"wp:attachment":[{"href":"https:\/\/www.oparanews.com.br\/index.php\/wp-json\/wp\/v2\/media?parent=37030"}],"wp:term":[{"taxonomy":"category","embeddable":true,"href":"https:\/\/www.oparanews.com.br\/index.php\/wp-json\/wp\/v2\/categories?post=37030"},{"taxonomy":"post_tag","embeddable":true,"href":"https:\/\/www.oparanews.com.br\/index.php\/wp-json\/wp\/v2\/tags?post=37030"}],"curies":[{"name":"wp","href":"https:\/\/api.w.org\/{rel}","templated":true}]}}