{"id":37464,"date":"2026-04-27T14:35:26","date_gmt":"2026-04-27T17:35:26","guid":{"rendered":"https:\/\/www.oparanews.com.br\/?p=37464"},"modified":"2026-04-27T14:35:26","modified_gmt":"2026-04-27T17:35:26","slug":"casamento-comunitario-formaliza-uniao-entre-casais-em-penedo","status":"publish","type":"post","link":"https:\/\/www.oparanews.com.br\/index.php\/2026\/04\/27\/casamento-comunitario-formaliza-uniao-entre-casais-em-penedo\/","title":{"rendered":"Casamento comunit\u00e1rio formaliza uni\u00e3o entre casais em Penedo"},"content":{"rendered":"<p style=\"background: white; margin: 0cm 0cm 19.5pt 0cm;\"><span style=\"font-size: 11.5pt; font-family: 'Verdana',sans-serif; color: #222222;\">A Prefeitura de Penedo e o Tribunal de Justi\u00e7a de Alagoas formalizaram a uni\u00e3o civil de 40 casais durante cerim\u00f4nia realizada na Marina do Barro Vermelho na tarde de sexta-feira, 24.<\/span><\/p>\n<p>&nbsp;<\/p>\n<p style=\"background: white; box-sizing: border-box; overflow-wrap: break-word; font-variant-ligatures: normal; font-variant-caps: normal; orphans: 2; text-align: start; widows: 2; -webkit-text-stroke-width: 0px; text-decoration-thickness: initial; text-decoration-style: initial; text-decoration-color: initial; word-spacing: 0px; margin: 0cm 0cm 19.5pt 0cm;\"><span style=\"box-sizing: border-box;\"><span style=\"font-size: 11.5pt; font-family: 'Verdana',sans-serif; color: #222222;\">No cen\u00e1rio de rara beleza, com o p\u00f4r de sol no rio S\u00e3o Francisco, a celebra\u00e7\u00e3o \u00e9 resultado do projeto Justi\u00e7a Itinerante, executado em Penedo por meio da Secretaria Municipal de Assist\u00eancia Social e Direitos Humanos (SEMASDH).<\/span><\/span><\/p>\n<p>&nbsp;<\/p>\n<p style=\"background: white; box-sizing: border-box; overflow-wrap: break-word; font-variant-ligatures: normal; font-variant-caps: normal; orphans: 2; text-align: start; widows: 2; -webkit-text-stroke-width: 0px; text-decoration-thickness: initial; text-decoration-style: initial; text-decoration-color: initial; word-spacing: 0px; margin: 0cm 0cm 19.5pt 0cm;\"><span style=\"box-sizing: border-box;\"><span style=\"font-size: 11.5pt; font-family: 'Verdana',sans-serif; color: #222222;\">\u201cAs inscri\u00e7\u00f5es foram abertas na pr\u00f3pria secretaria para os casais interessados em oficializar a uni\u00e3o, atendendo aos crit\u00e9rios da Justi\u00e7a Itinerante. Nossa equipe ficou respons\u00e1vel por todo o processo, incluindo a atualiza\u00e7\u00e3o das certid\u00f5es e a realiza\u00e7\u00e3o das habilita\u00e7\u00f5es\u201d, explica a secret\u00e1ria interina Claudiane Nonato (SEMASDH) sobre o trabalho que inclui ainda o Cart\u00f3rio de Registro Civil e Notas de Penedo.<\/span><\/span><\/p>\n<figure id=\"attachment_37465\" aria-describedby=\"caption-attachment-37465\" style=\"width: 1600px\" class=\"wp-caption aligncenter\"><a href=\"https:\/\/www.oparanews.com.br\/index.php\/2026\/04\/27\/casamento-comunitario-formaliza-uniao-entre-casais-em-penedo\/casamento-comunitario-semasdh-justica-itinerante-foto-deywesson-duarte-39\/\" rel=\"attachment wp-att-37465\"><img loading=\"lazy\" decoding=\"async\" class=\"size-full wp-image-37465\" src=\"http:\/\/www.oparanews.com.br\/wp-content\/uploads\/2026\/04\/casamento-comunitario-semasdh-justica-itinerante-foto-deywesson-duarte-39.avif\" alt=\"\" width=\"1600\" height=\"1066\" \/><\/a><figcaption id=\"caption-attachment-37465\" class=\"wp-caption-text\">Deywesson Duarte<\/figcaption><\/figure>\n<p>&nbsp;<\/p>\n<p style=\"background: white; margin: 0cm 0cm 19.5pt 0cm;\"><span style=\"font-size: 11.5pt; font-family: 'Verdana',sans-serif; color: #222222;\">O tabeli\u00e3o Marcos Vin\u00edcius de Carvalho e o juiz do TJ Alagoas, Claudemiro Avelino de Souza, conduziram o casamento comunit\u00e1rio que teve um carinho especial para as noivas na Secretaria Municipal da Mulher (SEMU).<\/span><\/p>\n<p>&nbsp;<\/p>\n<p style=\"background: white; box-sizing: border-box; overflow-wrap: break-word; font-variant-ligatures: normal; font-variant-caps: normal; orphans: 2; text-align: start; widows: 2; -webkit-text-stroke-width: 0px; text-decoration-thickness: initial; text-decoration-style: initial; text-decoration-color: initial; word-spacing: 0px; margin: 0cm 0cm 19.5pt 0cm;\"><span style=\"box-sizing: border-box;\"><span style=\"font-size: 11.5pt; font-family: 'Verdana',sans-serif; color: #222222;\">O Dia de Noiva disponibilizou servi\u00e7os de maquiagem e penteado para a cerim\u00f4nia, encerrada com um jantar especial na Marina do Barro Vermelho, incluindo bolo de casamento e m\u00fasica ao vivo, proporcionando um momento \u00fanico e inesquec\u00edvel aos casais.<\/span><\/span><\/p>\n<p>&nbsp;<\/p>\n<p style=\"background: white; box-sizing: border-box; overflow-wrap: break-word; font-variant-ligatures: normal; font-variant-caps: normal; orphans: 2; text-align: start; widows: 2; -webkit-text-stroke-width: 0px; text-decoration-thickness: initial; text-decoration-style: initial; text-decoration-color: initial; word-spacing: 0px; margin: 0cm 0cm 19.5pt 0cm;\"><strong style=\"box-sizing: border-box;\"><span style=\"font-size: 11.5pt; font-family: 'Verdana',sans-serif; color: #222222;\">Uni\u00e3o civil<\/span><\/strong><\/p>\n<p>&nbsp;<\/p>\n<p style=\"background: white; box-sizing: border-box; overflow-wrap: break-word; font-variant-ligatures: normal; font-variant-caps: normal; orphans: 2; text-align: start; widows: 2; -webkit-text-stroke-width: 0px; text-decoration-thickness: initial; text-decoration-style: initial; text-decoration-color: initial; word-spacing: 0px; margin: 0cm 0cm 19.5pt 0cm;\"><span style=\"box-sizing: border-box;\"><span style=\"font-size: 11.5pt; font-family: 'Verdana',sans-serif; color: #222222;\">A formaliza\u00e7\u00e3o da uni\u00e3o civil \u00e9 um ato de cuidado m\u00fatuo que reflete a maturidade do casal em lidar com as realidades pr\u00e1ticas da vida em comum, sendo um instrumento fundamental de prote\u00e7\u00e3o e reconhecimento jur\u00eddico para casais que buscam estabilidade.\u00a0<\/span><\/span><\/p>\n<p>&nbsp;<\/p>\n<p style=\"background: white; box-sizing: border-box; overflow-wrap: break-word; font-variant-ligatures: normal; font-variant-caps: normal; orphans: 2; text-align: start; widows: 2; -webkit-text-stroke-width: 0px; text-decoration-thickness: initial; text-decoration-style: initial; text-decoration-color: initial; word-spacing: 0px; margin: 0cm 0cm 19.5pt 0cm;\"><span style=\"box-sizing: border-box;\"><span style=\"font-size: 11.5pt; font-family: 'Verdana',sans-serif; color: #222222;\">Embora o afeto seja o alicerce de qualquer relacionamento moderno, o respaldo legal transforma a conviv\u00eancia em uma parceria reconhecida pelo Estado, garantindo que ambos os parceiros tenham seus direitos preservados.\u00a0<\/span><\/span><\/p>\n<p>&nbsp;<\/p>\n<p style=\"background: white; box-sizing: border-box; overflow-wrap: break-word; font-variant-ligatures: normal; font-variant-caps: normal; orphans: 2; text-align: start; widows: 2; -webkit-text-stroke-width: 0px; text-decoration-thickness: initial; text-decoration-style: initial; text-decoration-color: initial; word-spacing: 0px; margin: 0cm 0cm 19.5pt 0cm;\"><span style=\"box-sizing: border-box;\"><span style=\"font-size: 11.5pt; font-family: 'Verdana',sans-serif; color: #222222;\">Ao escolher um regime de bens e registrar a parceria, ficam estabelecidas regras claras que previnem conflitos futuros e protegem a autonomia de cada um, independentemente dos rumos que o relacionamento tome ao longo dos anos.<\/span><\/span><\/p>\n<p style=\"background: white; box-sizing: border-box; overflow-wrap: break-word; font-variant-ligatures: normal; font-variant-caps: normal; orphans: 2; text-align: start; widows: 2; -webkit-text-stroke-width: 0px; text-decoration-thickness: initial; text-decoration-style: initial; text-decoration-color: initial; word-spacing: 0px; margin: 0cm 0cm 19.5pt 0cm;\"><strong style=\"box-sizing: border-box;\"><span style=\"font-size: 11.5pt; font-family: 'Verdana',sans-serif; color: #222222;\">\u00a0<\/span><\/strong><\/p>\n<p style=\"background: white; margin: 0cm 0cm 19.5pt 0cm;\"><strong><span style=\"font-size: 11.5pt; font-family: 'Verdana',sans-serif; color: #222222;\">\u00a0<\/span><\/strong><\/p>\n<p style=\"background: white; margin: 0cm 0cm 19.5pt 0cm;\"><strong><span style=\"font-size: 11.5pt; font-family: 'Verdana',sans-serif; color: #222222;\">Por Secom PMP<\/span><\/strong><\/p>\n","protected":false},"excerpt":{"rendered":"<p>A Prefeitura de Penedo e o Tribunal de Justi\u00e7a de Alagoas formalizaram a uni\u00e3o civil de 40 casais durante cerim\u00f4nia realizada na Marina do Barro Vermelho na tarde de sexta-feira, 24. &nbsp; No cen\u00e1rio de rara beleza, com o p\u00f4r de sol no rio S\u00e3o Francisco, a celebra\u00e7\u00e3o \u00e9 resultado do projeto Justi\u00e7a Itinerante, executado &hellip;<\/p>\n","protected":false},"author":2,"featured_media":37466,"comment_status":"open","ping_status":"open","sticky":false,"template":"","format":"standard","meta":{"_jetpack_memberships_contains_paid_content":false,"footnotes":""},"categories":[1],"tags":[],"class_list":["post-37464","post","type-post","status-publish","format-standard","has-post-thumbnail","hentry","category-destaque"],"jetpack_featured_media_url":"https:\/\/www.oparanews.com.br\/wp-content\/uploads\/2026\/04\/Sem-titulo-16.png","jetpack_sharing_enabled":true,"_links":{"self":[{"href":"https:\/\/www.oparanews.com.br\/index.php\/wp-json\/wp\/v2\/posts\/37464","targetHints":{"allow":["GET"]}}],"collection":[{"href":"https:\/\/www.oparanews.com.br\/index.php\/wp-json\/wp\/v2\/posts"}],"about":[{"href":"https:\/\/www.oparanews.com.br\/index.php\/wp-json\/wp\/v2\/types\/post"}],"author":[{"embeddable":true,"href":"https:\/\/www.oparanews.com.br\/index.php\/wp-json\/wp\/v2\/users\/2"}],"replies":[{"embeddable":true,"href":"https:\/\/www.oparanews.com.br\/index.php\/wp-json\/wp\/v2\/comments?post=37464"}],"version-history":[{"count":2,"href":"https:\/\/www.oparanews.com.br\/index.php\/wp-json\/wp\/v2\/posts\/37464\/revisions"}],"predecessor-version":[{"id":37468,"href":"https:\/\/www.oparanews.com.br\/index.php\/wp-json\/wp\/v2\/posts\/37464\/revisions\/37468"}],"wp:featuredmedia":[{"embeddable":true,"href":"https:\/\/www.oparanews.com.br\/index.php\/wp-json\/wp\/v2\/media\/37466"}],"wp:attachment":[{"href":"https:\/\/www.oparanews.com.br\/index.php\/wp-json\/wp\/v2\/media?parent=37464"}],"wp:term":[{"taxonomy":"category","embeddable":true,"href":"https:\/\/www.oparanews.com.br\/index.php\/wp-json\/wp\/v2\/categories?post=37464"},{"taxonomy":"post_tag","embeddable":true,"href":"https:\/\/www.oparanews.com.br\/index.php\/wp-json\/wp\/v2\/tags?post=37464"}],"curies":[{"name":"wp","href":"https:\/\/api.w.org\/{rel}","templated":true}]}}