{"id":37470,"date":"2026-04-27T14:38:23","date_gmt":"2026-04-27T17:38:23","guid":{"rendered":"https:\/\/www.oparanews.com.br\/?p=37470"},"modified":"2026-04-27T14:38:23","modified_gmt":"2026-04-27T17:38:23","slug":"atendimentos-especializados-de-telessaude-em-penedo-sao-ampliados","status":"publish","type":"post","link":"https:\/\/www.oparanews.com.br\/index.php\/2026\/04\/27\/atendimentos-especializados-de-telessaude-em-penedo-sao-ampliados\/","title":{"rendered":"Atendimentos especializados de telessa\u00fade em Penedo s\u00e3o ampliados"},"content":{"rendered":"<p style=\"background: white; margin: 0cm 0cm 19.5pt 0cm;\"><span style=\"font-size: 11.5pt; font-family: 'Verdana',sans-serif; color: #222222;\">A Prefeitura de Penedo recebeu novos equipamentos do Minist\u00e9rio da Sa\u00fade para ampliar e fortalecer servi\u00e7os de telessa\u00fade dispon\u00edveis na rede da Secretaria Municipal de Sa\u00fade (SMS).\u00a0<\/span><\/p>\n<p>&nbsp;<\/p>\n<p style=\"background: white; box-sizing: border-box; overflow-wrap: break-word; font-variant-ligatures: normal; font-variant-caps: normal; orphans: 2; text-align: start; widows: 2; -webkit-text-stroke-width: 0px; text-decoration-thickness: initial; text-decoration-style: initial; text-decoration-color: initial; word-spacing: 0px; margin: 0cm 0cm 19.5pt 0cm;\"><span style=\"box-sizing: border-box;\"><span style=\"font-size: 11.5pt; font-family: 'Verdana',sans-serif; color: #222222;\">O novo investimento contempla os postos das localidades Rosete Andrade, Vila Matias, Oiteiro, Barro Vermelho, Cohab e Sesi.<\/span><\/span><\/p>\n<p>&nbsp;<\/p>\n<p style=\"background: white; box-sizing: border-box; overflow-wrap: break-word; font-variant-ligatures: normal; font-variant-caps: normal; orphans: 2; text-align: start; widows: 2; -webkit-text-stroke-width: 0px; text-decoration-thickness: initial; text-decoration-style: initial; text-decoration-color: initial; word-spacing: 0px; margin: 0cm 0cm 19.5pt 0cm;\"><span style=\"box-sizing: border-box;\"><span style=\"font-size: 11.5pt; font-family: 'Verdana',sans-serif; color: #222222;\">Cada unidade recebeu equipamentos compostos por televis\u00e3o, c\u00e2mera e notebook, ferramentas que ir\u00e3o possibilitar a realiza\u00e7\u00e3o de teleconsultas e atendimentos remotos com especialistas, ampliando o acesso da popula\u00e7\u00e3o a servi\u00e7os de sa\u00fade com mais rapidez e efici\u00eancia.<\/span><\/span><\/p>\n<p>&nbsp;<\/p>\n<p style=\"background: white; box-sizing: border-box; overflow-wrap: break-word; font-variant-ligatures: normal; font-variant-caps: normal; orphans: 2; text-align: start; widows: 2; -webkit-text-stroke-width: 0px; text-decoration-thickness: initial; text-decoration-style: initial; text-decoration-color: initial; word-spacing: 0px; margin: 0cm 0cm 19.5pt 0cm;\"><span style=\"box-sizing: border-box;\"><span style=\"font-size: 11.5pt; font-family: 'Verdana',sans-serif; color: #222222;\">A Telessa\u00fade \u00e9 uma estrat\u00e9gia que utiliza a tecnologia para conectar pacientes, profissionais de sa\u00fade e especialistas \u00e0 dist\u00e2ncia, por meio de videochamadas e plataformas digitais seguras.\u00a0<\/span><\/span><\/p>\n<p>&nbsp;<\/p>\n<p style=\"background: white; box-sizing: border-box; overflow-wrap: break-word; font-variant-ligatures: normal; font-variant-caps: normal; orphans: 2; text-align: start; widows: 2; -webkit-text-stroke-width: 0px; text-decoration-thickness: initial; text-decoration-style: initial; text-decoration-color: initial; word-spacing: 0px; margin: 0cm 0cm 19.5pt 0cm;\"><span style=\"font-size: 11.5pt; font-family: 'Verdana',sans-serif; color: #222222;\"><a style=\"box-sizing: border-box;\" href=\"https:\/\/penedo.al.gov.br\/2026\/03\/27\/programa-telessaude-garante-acompanhamento-especializado-para-gestante-de-alto-risco-em-penedo\/\"><strong style=\"box-sizing: border-box;\"><i><span style=\"font-family: 'Verdana',sans-serif; color: #4db2ec; text-decoration: none; text-underline: none;\">Telessa\u00fade garante acompanhamento especializado para gestantes em Penedo<\/span><\/i><\/strong><\/a><\/span><\/p>\n<p>&nbsp;<\/p>\n<p style=\"background: white; box-sizing: border-box; overflow-wrap: break-word; font-variant-ligatures: normal; font-variant-caps: normal; orphans: 2; text-align: start; widows: 2; -webkit-text-stroke-width: 0px; text-decoration-thickness: initial; text-decoration-style: initial; text-decoration-color: initial; word-spacing: 0px; margin: 0cm 0cm 19.5pt 0cm;\"><span style=\"box-sizing: border-box;\"><span style=\"font-size: 11.5pt; font-family: 'Verdana',sans-serif; color: #222222;\">Com a chegada dos kits, pacientes poder\u00e3o ser acompanhadas sem a necessidade deslocamentos para outros munic\u00edpios ou centros especializados, garantindo mais comodidade e economia de tempo. A iniciativa tamb\u00e9m contribui diretamente para a redu\u00e7\u00e3o das filas de espera por consultas especializadas.<\/span><\/span><\/p>\n<p>&nbsp;<\/p>\n<p style=\"background: white; box-sizing: border-box; overflow-wrap: break-word; font-variant-ligatures: normal; font-variant-caps: normal; orphans: 2; text-align: start; widows: 2; -webkit-text-stroke-width: 0px; text-decoration-thickness: initial; text-decoration-style: initial; text-decoration-color: initial; word-spacing: 0px; margin: 0cm 0cm 19.5pt 0cm;\"><span style=\"box-sizing: border-box;\"><span style=\"font-size: 11.5pt; font-family: 'Verdana',sans-serif; color: #222222;\">O servi\u00e7o \u00e9 especialmente importante no acompanhamento de pessoas com doen\u00e7as cr\u00f4nicas, como hipertens\u00e3o e diabetes, permitindo monitoramento cont\u00ednuo, orienta\u00e7\u00f5es m\u00e9dicas e encaminhamentos de forma mais \u00e1gil.<\/span><\/span><\/p>\n<p>&nbsp;<\/p>\n<p style=\"background: white; box-sizing: border-box; overflow-wrap: break-word; font-variant-ligatures: normal; font-variant-caps: normal; orphans: 2; text-align: start; widows: 2; -webkit-text-stroke-width: 0px; text-decoration-thickness: initial; text-decoration-style: initial; text-decoration-color: initial; word-spacing: 0px; margin: 0cm 0cm 19.5pt 0cm;\"><span style=\"box-sizing: border-box;\"><span style=\"font-size: 11.5pt; font-family: 'Verdana',sans-serif; color: #222222;\">A Secretaria de Sa\u00fade de Penedo destaca que o investimento representa mais um avan\u00e7o na moderniza\u00e7\u00e3o da rede municipal, fortalecendo a aten\u00e7\u00e3o b\u00e1sica e aproximando o cuidado em sa\u00fade da popula\u00e7\u00e3o penedense.<\/span><\/span><\/p>\n<p>&nbsp;<\/p>\n<p>&nbsp;<\/p>\n<p>&nbsp;<\/p>\n<p style=\"background: white; box-sizing: border-box; overflow-wrap: break-word; font-variant-ligatures: normal; font-variant-caps: normal; orphans: 2; text-align: start; widows: 2; -webkit-text-stroke-width: 0px; text-decoration-thickness: initial; text-decoration-style: initial; text-decoration-color: initial; word-spacing: 0px; margin: 0cm 0cm 19.5pt 0cm;\"><strong style=\"box-sizing: border-box;\"><span style=\"font-size: 11.5pt; font-family: 'Verdana',sans-serif; color: #222222;\">Por Assessoria SMS<\/span><\/strong><\/p>\n<p>&nbsp;<\/p>\n","protected":false},"excerpt":{"rendered":"<p>A Prefeitura de Penedo recebeu novos equipamentos do Minist\u00e9rio da Sa\u00fade para ampliar e fortalecer servi\u00e7os de telessa\u00fade dispon\u00edveis na rede da Secretaria Municipal de Sa\u00fade (SMS).\u00a0 &nbsp; O novo investimento contempla os postos das localidades Rosete Andrade, Vila Matias, Oiteiro, Barro Vermelho, Cohab e Sesi. &nbsp; Cada unidade recebeu equipamentos compostos por televis\u00e3o, c\u00e2mera &hellip;<\/p>\n","protected":false},"author":2,"featured_media":37471,"comment_status":"open","ping_status":"open","sticky":false,"template":"","format":"standard","meta":{"_jetpack_memberships_contains_paid_content":false,"footnotes":""},"categories":[1,3],"tags":[],"class_list":["post-37470","post","type-post","status-publish","format-standard","has-post-thumbnail","hentry","category-destaque","category-penedo"],"jetpack_featured_media_url":"https:\/\/www.oparanews.com.br\/wp-content\/uploads\/2026\/04\/WhatsApp-Image-2026-04-27-at-11.03.53.avif","jetpack_sharing_enabled":true,"_links":{"self":[{"href":"https:\/\/www.oparanews.com.br\/index.php\/wp-json\/wp\/v2\/posts\/37470","targetHints":{"allow":["GET"]}}],"collection":[{"href":"https:\/\/www.oparanews.com.br\/index.php\/wp-json\/wp\/v2\/posts"}],"about":[{"href":"https:\/\/www.oparanews.com.br\/index.php\/wp-json\/wp\/v2\/types\/post"}],"author":[{"embeddable":true,"href":"https:\/\/www.oparanews.com.br\/index.php\/wp-json\/wp\/v2\/users\/2"}],"replies":[{"embeddable":true,"href":"https:\/\/www.oparanews.com.br\/index.php\/wp-json\/wp\/v2\/comments?post=37470"}],"version-history":[{"count":1,"href":"https:\/\/www.oparanews.com.br\/index.php\/wp-json\/wp\/v2\/posts\/37470\/revisions"}],"predecessor-version":[{"id":37472,"href":"https:\/\/www.oparanews.com.br\/index.php\/wp-json\/wp\/v2\/posts\/37470\/revisions\/37472"}],"wp:featuredmedia":[{"embeddable":true,"href":"https:\/\/www.oparanews.com.br\/index.php\/wp-json\/wp\/v2\/media\/37471"}],"wp:attachment":[{"href":"https:\/\/www.oparanews.com.br\/index.php\/wp-json\/wp\/v2\/media?parent=37470"}],"wp:term":[{"taxonomy":"category","embeddable":true,"href":"https:\/\/www.oparanews.com.br\/index.php\/wp-json\/wp\/v2\/categories?post=37470"},{"taxonomy":"post_tag","embeddable":true,"href":"https:\/\/www.oparanews.com.br\/index.php\/wp-json\/wp\/v2\/tags?post=37470"}],"curies":[{"name":"wp","href":"https:\/\/api.w.org\/{rel}","templated":true}]}}