{"id":37473,"date":"2026-04-26T23:54:56","date_gmt":"2026-04-27T02:54:56","guid":{"rendered":"https:\/\/www.oparanews.com.br\/?p=37473"},"modified":"2026-04-27T14:55:04","modified_gmt":"2026-04-27T17:55:04","slug":"apos-duelo-em-juazeiro-asa-inicia-maratona-na-bahia-entre-nordestao-e-serie-d","status":"publish","type":"post","link":"https:\/\/www.oparanews.com.br\/index.php\/2026\/04\/26\/apos-duelo-em-juazeiro-asa-inicia-maratona-na-bahia-entre-nordestao-e-serie-d\/","title":{"rendered":"Ap\u00f3s duelo em Juazeiro, ASA inicia maratona na Bahia entre Nordest\u00e3o e S\u00e9rie D"},"content":{"rendered":"<p>Depois da derrota por 1 a 0 para a Juazeirense, nesse domingo (26), pela quarta rodada da S\u00e9rie D do Campeonato Brasileiro, o ASA optou por manter a delega\u00e7\u00e3o na Bahia.\u00a0O clube alvinegro permanecer\u00e1 por mais 6 dias no Estado, onde ter\u00e1 dois confrontos pela S\u00e9rie D e Copa do Nordeste.<\/p>\n<p>&nbsp;<\/p>\n<p>No primeiro desafio da maratona, o time de Arapiraca acabou superado no Est\u00e1dio Adauto Moraes, em Juazeiro. Bravo marcou o \u00fanico gol da partida aos 24 minutos do segundo tempo, freando o embalo alvinegro na competi\u00e7\u00e3o nacional.<\/p>\n<p>&nbsp;<\/p>\n<p>Agora, o foco muda rapidamente para o \u00faltimo jogo da fase de grupos do Nordest\u00e3o. Na pr\u00f3xima quarta-feira (29), \u00e0s 21h30, o ASA reencontra a Juazeirense, desta vez pela quinta rodada da Copa do Nordeste, no Est\u00e1dio Carneir\u00e3o, em Alagoinhas. A mudan\u00e7a de local ocorreu por problemas nos refletores do Adauto Moraes.<\/p>\n<p>&nbsp;<\/p>\n<p><strong>Descanso, treino e concentra\u00e7\u00e3o<\/strong><\/p>\n<p>&nbsp;<\/p>\n<p>Ap\u00f3s o desgaste da partida em Juazeiro, a comiss\u00e3o t\u00e9cnica programou descanso nesta segunda-feira (27). J\u00e1 nesta ter\u00e7a (28), o elenco volta aos trabalhos com treino marcado para as 15h, no Est\u00e1dio Municipal Luiz Viana Filho, em Pojuca, cidade localizada a 42 quil\u00f4metros de Alagoinhas.<\/p>\n<p>&nbsp;<\/p>\n<p>Na quarta (29), o dia ser\u00e1 de concentra\u00e7\u00e3o at\u00e9 a bola rolar \u00e0s 21h<span style=\"font-style: inherit; font-weight: inherit;\">30, em jogo v\u00e1lido pela quinta rodada da Copa do Nordeste.<\/span><\/p>\n<p>&nbsp;<\/p>\n<p><strong>Giro baiano termina em maio<\/strong><\/p>\n<p>&nbsp;<\/p>\n<p>A sequ\u00eancia longe de casa ser\u00e1 encerrada no pr\u00f3ximo dia 3, quando o ASA enfrenta o Atl\u00e9tico de Alagoinhas, novamente pela S\u00e9rie D. O confronto fecha o primeiro turno da competi\u00e7\u00e3o nacional.<\/p>\n<p>&nbsp;<\/p>\n<p>&nbsp;<\/p>\n<p>&nbsp;<\/p>\n<p><strong>Por Ecstien Filho e Kayky Ronald \/ Gazetaweb<\/strong><\/p>\n","protected":false},"excerpt":{"rendered":"<p>Depois da derrota por 1 a 0 para a Juazeirense, nesse domingo (26), pela quarta rodada da S\u00e9rie D do Campeonato Brasileiro, o ASA optou por manter a delega\u00e7\u00e3o na Bahia.\u00a0O clube alvinegro permanecer\u00e1 por mais 6 dias no Estado, onde ter\u00e1 dois confrontos pela S\u00e9rie D e Copa do Nordeste. &nbsp; No primeiro desafio &hellip;<\/p>\n","protected":false},"author":2,"featured_media":37474,"comment_status":"open","ping_status":"open","sticky":false,"template":"","format":"standard","meta":{"_jetpack_memberships_contains_paid_content":false,"footnotes":""},"categories":[6],"tags":[],"class_list":["post-37473","post","type-post","status-publish","format-standard","has-post-thumbnail","hentry","category-esporte"],"jetpack_featured_media_url":"https:\/\/www.oparanews.com.br\/wp-content\/uploads\/2026\/04\/Sem-titulo-17.png","jetpack_sharing_enabled":true,"_links":{"self":[{"href":"https:\/\/www.oparanews.com.br\/index.php\/wp-json\/wp\/v2\/posts\/37473","targetHints":{"allow":["GET"]}}],"collection":[{"href":"https:\/\/www.oparanews.com.br\/index.php\/wp-json\/wp\/v2\/posts"}],"about":[{"href":"https:\/\/www.oparanews.com.br\/index.php\/wp-json\/wp\/v2\/types\/post"}],"author":[{"embeddable":true,"href":"https:\/\/www.oparanews.com.br\/index.php\/wp-json\/wp\/v2\/users\/2"}],"replies":[{"embeddable":true,"href":"https:\/\/www.oparanews.com.br\/index.php\/wp-json\/wp\/v2\/comments?post=37473"}],"version-history":[{"count":1,"href":"https:\/\/www.oparanews.com.br\/index.php\/wp-json\/wp\/v2\/posts\/37473\/revisions"}],"predecessor-version":[{"id":37475,"href":"https:\/\/www.oparanews.com.br\/index.php\/wp-json\/wp\/v2\/posts\/37473\/revisions\/37475"}],"wp:featuredmedia":[{"embeddable":true,"href":"https:\/\/www.oparanews.com.br\/index.php\/wp-json\/wp\/v2\/media\/37474"}],"wp:attachment":[{"href":"https:\/\/www.oparanews.com.br\/index.php\/wp-json\/wp\/v2\/media?parent=37473"}],"wp:term":[{"taxonomy":"category","embeddable":true,"href":"https:\/\/www.oparanews.com.br\/index.php\/wp-json\/wp\/v2\/categories?post=37473"},{"taxonomy":"post_tag","embeddable":true,"href":"https:\/\/www.oparanews.com.br\/index.php\/wp-json\/wp\/v2\/tags?post=37473"}],"curies":[{"name":"wp","href":"https:\/\/api.w.org\/{rel}","templated":true}]}}