{"id":37480,"date":"2026-04-27T16:15:05","date_gmt":"2026-04-27T19:15:05","guid":{"rendered":"https:\/\/www.oparanews.com.br\/?p=37480"},"modified":"2026-04-27T17:49:39","modified_gmt":"2026-04-27T20:49:39","slug":"vereadora-raquel-tavares-destaca-trajetoria-da-acresc-em-penedo","status":"publish","type":"post","link":"https:\/\/www.oparanews.com.br\/index.php\/2026\/04\/27\/vereadora-raquel-tavares-destaca-trajetoria-da-acresc-em-penedo\/","title":{"rendered":"Vereadora Raquel Tavares destaca trajet\u00f3ria da ACRESC em Penedo"},"content":{"rendered":"<p>A vereadora\u00a0Raquel Tavares, durante sess\u00e3o ordin\u00e1ria na C\u00e2mara Municipal de Penedo, destacou a trajet\u00f3ria de 18 anos da\u00a0ACRESC \u2013 Centro de Reabilita\u00e7\u00e3o e Equoterapia Santa Clara, em Penedo. Refer\u00eancia no atendimento especializado, a institui\u00e7\u00e3o completa sua &#8220;maioridade&#8221; com um hist\u00f3rico de transforma\u00e7\u00e3o e cuidado.<\/p>\n<p>&nbsp;<\/p>\n<p>Para a vereadora, o trabalho realizado pela ACRESC \u00e9 essencial para a sa\u00fade e inclus\u00e3o no munic\u00edpio.\u00a0<em>&#8220;S\u00e3o 18 anos de dedica\u00e7\u00e3o exclusiva \u00e0 reabilita\u00e7\u00e3o, especialmente atrav\u00e9s da equoterapia, que muda a realidade de tantas fam\u00edlias. \u00c9 um orgulho acompanhar essa hist\u00f3ria de perto&#8221;<\/em>, afirmou Raquel.<\/p>\n<p>&nbsp;<\/p>\n<p>Raquel Tavares refor\u00e7ou seu compromisso para garantir que o Centro continue sendo um pilar de assist\u00eancia para quem precisa de tratamento humanizado e eficaz.<\/p>\n<p>&nbsp;<\/p>\n<p>&nbsp;<\/p>\n<p><strong>Por Reda\u00e7\u00e3o<\/strong><\/p>\n","protected":false},"excerpt":{"rendered":"<p>A vereadora\u00a0Raquel Tavares, durante sess\u00e3o ordin\u00e1ria na C\u00e2mara Municipal de Penedo, destacou a trajet\u00f3ria de 18 anos da\u00a0ACRESC \u2013 Centro de Reabilita\u00e7\u00e3o e Equoterapia Santa Clara, em Penedo. Refer\u00eancia no atendimento especializado, a institui\u00e7\u00e3o completa sua &#8220;maioridade&#8221; com um hist\u00f3rico de transforma\u00e7\u00e3o e cuidado. &nbsp; Para a vereadora, o trabalho realizado pela ACRESC \u00e9 essencial &hellip;<\/p>\n","protected":false},"author":2,"featured_media":37118,"comment_status":"open","ping_status":"open","sticky":false,"template":"","format":"standard","meta":{"_jetpack_memberships_contains_paid_content":false,"footnotes":""},"categories":[4,3],"tags":[],"class_list":["post-37480","post","type-post","status-publish","format-standard","has-post-thumbnail","hentry","category-alagoas","category-penedo"],"jetpack_featured_media_url":"https:\/\/www.oparanews.com.br\/wp-content\/uploads\/2026\/03\/IMG_9921.jpeg","jetpack_sharing_enabled":true,"_links":{"self":[{"href":"https:\/\/www.oparanews.com.br\/index.php\/wp-json\/wp\/v2\/posts\/37480","targetHints":{"allow":["GET"]}}],"collection":[{"href":"https:\/\/www.oparanews.com.br\/index.php\/wp-json\/wp\/v2\/posts"}],"about":[{"href":"https:\/\/www.oparanews.com.br\/index.php\/wp-json\/wp\/v2\/types\/post"}],"author":[{"embeddable":true,"href":"https:\/\/www.oparanews.com.br\/index.php\/wp-json\/wp\/v2\/users\/2"}],"replies":[{"embeddable":true,"href":"https:\/\/www.oparanews.com.br\/index.php\/wp-json\/wp\/v2\/comments?post=37480"}],"version-history":[{"count":1,"href":"https:\/\/www.oparanews.com.br\/index.php\/wp-json\/wp\/v2\/posts\/37480\/revisions"}],"predecessor-version":[{"id":37481,"href":"https:\/\/www.oparanews.com.br\/index.php\/wp-json\/wp\/v2\/posts\/37480\/revisions\/37481"}],"wp:featuredmedia":[{"embeddable":true,"href":"https:\/\/www.oparanews.com.br\/index.php\/wp-json\/wp\/v2\/media\/37118"}],"wp:attachment":[{"href":"https:\/\/www.oparanews.com.br\/index.php\/wp-json\/wp\/v2\/media?parent=37480"}],"wp:term":[{"taxonomy":"category","embeddable":true,"href":"https:\/\/www.oparanews.com.br\/index.php\/wp-json\/wp\/v2\/categories?post=37480"},{"taxonomy":"post_tag","embeddable":true,"href":"https:\/\/www.oparanews.com.br\/index.php\/wp-json\/wp\/v2\/tags?post=37480"}],"curies":[{"name":"wp","href":"https:\/\/api.w.org\/{rel}","templated":true}]}}