{"id":37482,"date":"2026-04-27T17:49:01","date_gmt":"2026-04-27T20:49:01","guid":{"rendered":"https:\/\/www.oparanews.com.br\/?p=37482"},"modified":"2026-04-27T17:49:31","modified_gmt":"2026-04-27T20:49:31","slug":"moradores-da-travessa-jose-coelho-sofrem-com-cratera-e-valdy-idalino-cobra-providencias-na-camara","status":"publish","type":"post","link":"https:\/\/www.oparanews.com.br\/index.php\/2026\/04\/27\/moradores-da-travessa-jose-coelho-sofrem-com-cratera-e-valdy-idalino-cobra-providencias-na-camara\/","title":{"rendered":"Moradores da Travessa Jos\u00e9 Coelho sofrem com cratera e Valdy Idalino cobra provid\u00eancias na C\u00e2mara"},"content":{"rendered":"<div class=\"n6owBd awi2gc\" data-sfc-cp=\"\" data-sfc-root=\"c\" data-sfc-cb=\"\" data-hveid=\"CAEIAxAA\" data-complete=\"true\" data-processed=\"true\">A situa\u00e7\u00e3o dos moradores da Travessa Jos\u00e9 Coelho, em Penedo, virou pauta de cobran\u00e7a na \u00faltima sess\u00e3o ordin\u00e1ria da C\u00e2mara Municipal. Na quinta-feira passada, o vereador\u00a0Valdy Idalino\u00a0utilizou a tribuna para relatar o descaso enfrentado pela comunidade, agravado pelas fortes chuvas que atingiram a regi\u00e3o recentemente.<\/div>\n<div data-sfc-cp=\"\" data-sfc-root=\"c\" data-sfc-cb=\"\" data-hveid=\"CAEIAxAA\" data-complete=\"true\" data-processed=\"true\"><\/div>\n<div data-sfc-cp=\"\" data-sfc-root=\"c\" data-sfc-cb=\"\" data-hveid=\"CAEIAxAA\" data-complete=\"true\" data-processed=\"true\"><\/div>\n<div class=\"n6owBd awi2gc\" data-sfc-cp=\"\" data-sfc-root=\"c\" data-sfc-cb=\"\" data-hveid=\"CAEIBBAA\" data-complete=\"true\" data-processed=\"true\">De acordo com o parlamentar, um enorme buraco a c\u00e9u aberto se formou na localidade, transformando-se em um foco de doen\u00e7as e perigo. &#8220;A situa\u00e7\u00e3o est\u00e1 lament\u00e1vel. Recebi fotos e v\u00eddeos de moradores que n\u00e3o aguentam mais conviver com o lixo acumulado e a invas\u00e3o de ratos e cobras vindos desse buraco&#8221;, afirmou Valdy.<\/div>\n<div data-sfc-cp=\"\" data-sfc-root=\"c\" data-sfc-cb=\"\" data-hveid=\"CAEIBBAA\" data-complete=\"true\" data-processed=\"true\"><\/div>\n<div class=\"Fsg96\" data-sfc-cp=\"\" data-sfc-root=\"c\" data-sfc-cb=\"\" data-complete=\"true\" data-processed=\"true\"><\/div>\n<div class=\"otQkpb\" role=\"heading\" aria-level=\"3\" data-animation-nesting=\"\" data-sfc-cp=\"\" data-sfc-root=\"c\" data-sfc-cb=\"\" data-complete=\"true\" data-processed=\"true\" data-sae=\"\"><strong>Apelo ao Poder Executivo<\/strong><\/div>\n<div role=\"heading\" aria-level=\"3\" data-animation-nesting=\"\" data-sfc-cp=\"\" data-sfc-root=\"c\" data-sfc-cb=\"\" data-complete=\"true\" data-processed=\"true\" data-sae=\"\"><\/div>\n<div role=\"heading\" aria-level=\"3\" data-animation-nesting=\"\" data-sfc-cp=\"\" data-sfc-root=\"c\" data-sfc-cb=\"\" data-complete=\"true\" data-processed=\"true\" data-sae=\"\"><\/div>\n<div class=\"n6owBd awi2gc\" data-sfc-cp=\"\" data-sfc-root=\"c\" data-sfc-cb=\"\" data-hveid=\"CAEIBRAA\" data-complete=\"true\" data-processed=\"true\">Durante seu discurso, o vereador direcionou um apelo direto ao Secret\u00e1rio de Servi\u00e7os P\u00fablicos,\u00a0Ivo Costa, pedindo urg\u00eancia na manuten\u00e7\u00e3o da via. O ac\u00famulo de detritos e a falta de saneamento no local t\u00eam tirado o sossego das fam\u00edlias, que temem pela seguran\u00e7a de crian\u00e7as e idosos.<\/div>\n<div data-sfc-cp=\"\" data-sfc-root=\"c\" data-sfc-cb=\"\" data-hveid=\"CAEIBRAA\" data-complete=\"true\" data-processed=\"true\"><\/div>\n<div class=\"n6owBd awi2gc\" data-sfc-cp=\"\" data-sfc-root=\"c\" data-sfc-cb=\"\" data-hveid=\"CAEIBhAA\" data-complete=\"true\" data-processed=\"true\" aria-owns=\"action-menu-parent-container\">Com o per\u00edodo chuvoso, o problema tende a piorar caso uma interven\u00e7\u00e3o n\u00e3o seja feita imediatamente. A expectativa agora \u00e9 que a Secretaria de Servi\u00e7os P\u00fablicos inclua a Travessa Jos\u00e9 Coelho no cronograma de reparos emergenciais da prefeitura.<\/div>\n<div data-sfc-cp=\"\" data-sfc-root=\"c\" data-sfc-cb=\"\" data-hveid=\"CAEIBhAA\" data-complete=\"true\" data-processed=\"true\" aria-owns=\"action-menu-parent-container\"><\/div>\n<div data-sfc-cp=\"\" data-sfc-root=\"c\" data-sfc-cb=\"\" data-hveid=\"CAEIBhAA\" data-complete=\"true\" data-processed=\"true\" aria-owns=\"action-menu-parent-container\"><\/div>\n<div data-sfc-cp=\"\" data-sfc-root=\"c\" data-sfc-cb=\"\" data-hveid=\"CAEIBhAA\" data-complete=\"true\" data-processed=\"true\" aria-owns=\"action-menu-parent-container\"><\/div>\n<div data-sfc-cp=\"\" data-sfc-root=\"c\" data-sfc-cb=\"\" data-hveid=\"CAEIBhAA\" data-complete=\"true\" data-processed=\"true\" aria-owns=\"action-menu-parent-container\"><\/div>\n<div data-sfc-cp=\"\" data-sfc-root=\"c\" data-sfc-cb=\"\" data-hveid=\"CAEIBhAA\" data-complete=\"true\" data-processed=\"true\" aria-owns=\"action-menu-parent-container\"><strong>por Reda\u00e7\u00e3o<\/strong><\/div>\n<div data-sfc-cp=\"\" data-sfc-root=\"c\" data-sfc-cb=\"\" data-hveid=\"CAEIBhAA\" data-complete=\"true\" data-processed=\"true\" aria-owns=\"action-menu-parent-container\"><\/div>\n","protected":false},"excerpt":{"rendered":"<p>A situa\u00e7\u00e3o dos moradores da Travessa Jos\u00e9 Coelho, em Penedo, virou pauta de cobran\u00e7a na \u00faltima sess\u00e3o ordin\u00e1ria da C\u00e2mara Municipal. Na quinta-feira passada, o vereador\u00a0Valdy Idalino\u00a0utilizou a tribuna para relatar o descaso enfrentado pela comunidade, agravado pelas fortes chuvas que atingiram a regi\u00e3o recentemente. De acordo com o parlamentar, um enorme buraco a c\u00e9u &hellip;<\/p>\n","protected":false},"author":2,"featured_media":37483,"comment_status":"open","ping_status":"open","sticky":false,"template":"","format":"standard","meta":{"_jetpack_memberships_contains_paid_content":false,"footnotes":""},"categories":[4,3],"tags":[],"class_list":["post-37482","post","type-post","status-publish","format-standard","has-post-thumbnail","hentry","category-alagoas","category-penedo"],"jetpack_featured_media_url":"https:\/\/www.oparanews.com.br\/wp-content\/uploads\/2026\/04\/gggggggggggg.png","jetpack_sharing_enabled":true,"_links":{"self":[{"href":"https:\/\/www.oparanews.com.br\/index.php\/wp-json\/wp\/v2\/posts\/37482","targetHints":{"allow":["GET"]}}],"collection":[{"href":"https:\/\/www.oparanews.com.br\/index.php\/wp-json\/wp\/v2\/posts"}],"about":[{"href":"https:\/\/www.oparanews.com.br\/index.php\/wp-json\/wp\/v2\/types\/post"}],"author":[{"embeddable":true,"href":"https:\/\/www.oparanews.com.br\/index.php\/wp-json\/wp\/v2\/users\/2"}],"replies":[{"embeddable":true,"href":"https:\/\/www.oparanews.com.br\/index.php\/wp-json\/wp\/v2\/comments?post=37482"}],"version-history":[{"count":1,"href":"https:\/\/www.oparanews.com.br\/index.php\/wp-json\/wp\/v2\/posts\/37482\/revisions"}],"predecessor-version":[{"id":37484,"href":"https:\/\/www.oparanews.com.br\/index.php\/wp-json\/wp\/v2\/posts\/37482\/revisions\/37484"}],"wp:featuredmedia":[{"embeddable":true,"href":"https:\/\/www.oparanews.com.br\/index.php\/wp-json\/wp\/v2\/media\/37483"}],"wp:attachment":[{"href":"https:\/\/www.oparanews.com.br\/index.php\/wp-json\/wp\/v2\/media?parent=37482"}],"wp:term":[{"taxonomy":"category","embeddable":true,"href":"https:\/\/www.oparanews.com.br\/index.php\/wp-json\/wp\/v2\/categories?post=37482"},{"taxonomy":"post_tag","embeddable":true,"href":"https:\/\/www.oparanews.com.br\/index.php\/wp-json\/wp\/v2\/tags?post=37482"}],"curies":[{"name":"wp","href":"https:\/\/api.w.org\/{rel}","templated":true}]}}