{"id":37485,"date":"2026-04-28T14:35:33","date_gmt":"2026-04-28T17:35:33","guid":{"rendered":"https:\/\/www.oparanews.com.br\/?p=37485"},"modified":"2026-04-28T14:35:33","modified_gmt":"2026-04-28T17:35:33","slug":"penedo-recebe-3a-edicao-do-circuito-regional-de-feiras-da-agricultura-familiar-na-quinta-feira-30","status":"publish","type":"post","link":"https:\/\/www.oparanews.com.br\/index.php\/2026\/04\/28\/penedo-recebe-3a-edicao-do-circuito-regional-de-feiras-da-agricultura-familiar-na-quinta-feira-30\/","title":{"rendered":"Penedo recebe 3\u00aa edi\u00e7\u00e3o do Circuito Regional de Feiras da Agricultura Familiar na quinta-feira, 30"},"content":{"rendered":"<p>O Circuito Regional de Feiras da Agricultura Familiar retorna a Penedo nesta quinta-feira, 30 de abril, reunindo produtores rurais, popula\u00e7\u00e3o e representantes do poder p\u00fablico no Largo S\u00e3o Gon\u00e7alo, Centro Hist\u00f3rico da cidade, a partir das 8 horas.<\/p>\n<p>&nbsp;<\/p>\n<p>A realiza\u00e7\u00e3o da etapa do Baixo S\u00e3o Francisco tem apoio da Prefeitura de Penedo, por meio da Secretaria Municipal de Desenvolvimento Agr\u00edcola (SEMDAGRO), sendo a realiza\u00e7\u00e3o do Circuito Regional uma iniciativa das secretarias estaduais da Agricultura e Pecu\u00e1ria (Seagri) e do Desenvolvimento, Ind\u00fastria, Com\u00e9rcio e Servi\u00e7os (Sedics), em parceria com a Unicafes Alagoas.<\/p>\n<p>&nbsp;<\/p>\n<p>O trabalho conjunto visa fortalecer a agricultura familiar e ampliar mercados, como tem sido feito em Penedo desde que o prefeito Ronaldo Lopes assumiu a administra\u00e7\u00e3o do munic\u00edpio, em 2021.<\/p>\n<p>&nbsp;<\/p>\n<p>Em sua 3\u00aa edi\u00e7\u00e3o, o Circuito Regional de Feiras da Agricultura Familiar ter\u00e1 representatividade robusta e diversificada de Penedo, com representantes de diversas comunidades rurais, com destaque para a Cooperativa dos Agricultores Familiares e Remanescentes Quilombolas do Baixo S\u00e3o Francisco\u00a0<a href=\"https:\/\/www.instagram.com\/cooafaqpenedoal\/\"><strong>(COOAFAQ)<\/strong><\/a>.<\/p>\n<p>&nbsp;<\/p>\n<p>&nbsp;<\/p>\n<p><strong>Por Secom PMP<\/strong><\/p>\n<p>&nbsp;<\/p>\n","protected":false},"excerpt":{"rendered":"<p>O Circuito Regional de Feiras da Agricultura Familiar retorna a Penedo nesta quinta-feira, 30 de abril, reunindo produtores rurais, popula\u00e7\u00e3o e representantes do poder p\u00fablico no Largo S\u00e3o Gon\u00e7alo, Centro Hist\u00f3rico da cidade, a partir das 8 horas. &nbsp; A realiza\u00e7\u00e3o da etapa do Baixo S\u00e3o Francisco tem apoio da Prefeitura de Penedo, por meio &hellip;<\/p>\n","protected":false},"author":2,"featured_media":37486,"comment_status":"open","ping_status":"open","sticky":false,"template":"","format":"standard","meta":{"_jetpack_memberships_contains_paid_content":false,"footnotes":""},"categories":[1,3],"tags":[],"class_list":["post-37485","post","type-post","status-publish","format-standard","has-post-thumbnail","hentry","category-destaque","category-penedo"],"jetpack_featured_media_url":"https:\/\/www.oparanews.com.br\/wp-content\/uploads\/2026\/04\/2a-etapa-do-Circuito-Regional-de-feira-da-Agricultura-Familiar-scaled-1.avif","jetpack_sharing_enabled":true,"_links":{"self":[{"href":"https:\/\/www.oparanews.com.br\/index.php\/wp-json\/wp\/v2\/posts\/37485","targetHints":{"allow":["GET"]}}],"collection":[{"href":"https:\/\/www.oparanews.com.br\/index.php\/wp-json\/wp\/v2\/posts"}],"about":[{"href":"https:\/\/www.oparanews.com.br\/index.php\/wp-json\/wp\/v2\/types\/post"}],"author":[{"embeddable":true,"href":"https:\/\/www.oparanews.com.br\/index.php\/wp-json\/wp\/v2\/users\/2"}],"replies":[{"embeddable":true,"href":"https:\/\/www.oparanews.com.br\/index.php\/wp-json\/wp\/v2\/comments?post=37485"}],"version-history":[{"count":1,"href":"https:\/\/www.oparanews.com.br\/index.php\/wp-json\/wp\/v2\/posts\/37485\/revisions"}],"predecessor-version":[{"id":37487,"href":"https:\/\/www.oparanews.com.br\/index.php\/wp-json\/wp\/v2\/posts\/37485\/revisions\/37487"}],"wp:featuredmedia":[{"embeddable":true,"href":"https:\/\/www.oparanews.com.br\/index.php\/wp-json\/wp\/v2\/media\/37486"}],"wp:attachment":[{"href":"https:\/\/www.oparanews.com.br\/index.php\/wp-json\/wp\/v2\/media?parent=37485"}],"wp:term":[{"taxonomy":"category","embeddable":true,"href":"https:\/\/www.oparanews.com.br\/index.php\/wp-json\/wp\/v2\/categories?post=37485"},{"taxonomy":"post_tag","embeddable":true,"href":"https:\/\/www.oparanews.com.br\/index.php\/wp-json\/wp\/v2\/tags?post=37485"}],"curies":[{"name":"wp","href":"https:\/\/api.w.org\/{rel}","templated":true}]}}