{"id":37488,"date":"2026-04-28T14:37:32","date_gmt":"2026-04-28T17:37:32","guid":{"rendered":"https:\/\/www.oparanews.com.br\/?p=37488"},"modified":"2026-04-28T14:37:32","modified_gmt":"2026-04-28T17:37:32","slug":"inovacao-da-prefeitura-de-penedo-criada-pela-semfaz-sera-apresentada-em-evento-nacional","status":"publish","type":"post","link":"https:\/\/www.oparanews.com.br\/index.php\/2026\/04\/28\/inovacao-da-prefeitura-de-penedo-criada-pela-semfaz-sera-apresentada-em-evento-nacional\/","title":{"rendered":"Inova\u00e7\u00e3o da Prefeitura de Penedo criada pela SEMFAZ ser\u00e1 apresentada em evento nacional"},"content":{"rendered":"<p>Uma ferramenta tecnol\u00f3gica desenvolvida pela \u00e1rea t\u00e9cnica da Secretaria Municipal de Fazenda (SEMFAZ) da Prefeitura de Penedo foi aprovada para o 15\u00ba Congresso do Conselho Nacional de Secret\u00e1rios de Estado da Administra\u00e7\u00e3o \u2013 Congresso Consad de Gest\u00e3o P\u00fablica.<\/p>\n<p>&nbsp;<\/p>\n<p>Com o t\u00edtulo \u201cUsabilidade e Constru\u00e7\u00e3o Compartilhada em Sistemas de Gest\u00e3o Municipal: O Caso do Arquiva+\u201d, o trabalho inovador ser\u00e1 apresentado no eixo tem\u00e1tico \u201cGest\u00e3o Eficiente e Sustent\u00e1vel: pr\u00e1ticas e desafios na Administra\u00e7\u00e3o P\u00fablica\u201d durante o evento que ser\u00e1 realizado de 20 a 22 de maio, em Fortaleza-CE.<\/p>\n<p>&nbsp;<\/p>\n<p>A iniciativa da SEMFAZ Penedo busca aprimorar os fluxos de trabalho, promover maior efici\u00eancia na gest\u00e3o p\u00fablica e contribuir para a reinven\u00e7\u00e3o da administra\u00e7\u00e3o frente aos desafios e oportunidades do mundo contempor\u00e2neo.<\/p>\n<p>&nbsp;<\/p>\n<p><em><strong>\u201cA nossa participa\u00e7\u00e3o no Congresso Consad de Gest\u00e3o P\u00fablica representa, al\u00e9m do reconhecimento acad\u00eamico e t\u00e9cnico, uma oportunidade estrat\u00e9gica de inser\u00e7\u00e3o do munic\u00edpio em um dos mais relevantes espa\u00e7os de debate sobre gest\u00e3o p\u00fablica no pa\u00eds\u201d, destaca a secret\u00e1ria municipal de Fazenda Karine Silva.\u00a0<\/strong><\/em><\/p>\n<p>&nbsp;<\/p>\n<p>Ainda de acordo com esse contexto de alcance nacional, o trabalho que ser\u00e1 apresentado durante o congresso dar\u00e1 visibilidade \u00e0 experi\u00eancia exitosa desenvolvida da gest\u00e3o Inova\u00e7\u00e3o e Crescimento, especialmente no que se refere \u00e0 constru\u00e7\u00e3o e utiliza\u00e7\u00e3o do sistema Arquiva+.<\/p>\n<p>&nbsp;<\/p>\n<p>O Consad avan\u00e7a como ambiente qualificado para a troca de experi\u00eancias, dissemina\u00e7\u00e3o de boas pr\u00e1ticas e constru\u00e7\u00e3o de solu\u00e7\u00f5es inovadoras, proporcionando intera\u00e7\u00e3o entre gestores, especialistas e institui\u00e7\u00f5es de diversas esferas governamentais.<\/p>\n<p>&nbsp;<\/p>\n<p>Dessa forma, al\u00e9m de compartilhar a experi\u00eancia criada pela Prefeitura de Penedo, a participa\u00e7\u00e3o da SEMFAZ no congresso possibilita a absor\u00e7\u00e3o de conhecimentos pr\u00e1ticos e tend\u00eancias contempor\u00e2neas, especialmente nas \u00e1reas de transforma\u00e7\u00e3o digital, efici\u00eancia administrativa e inova\u00e7\u00e3o em servi\u00e7os p\u00fablicos, incorporando novas perspectivas, metodologias e solu\u00e7\u00f5es que possam ser adaptadas \u00e0 realidade local, contribuindo para o cont\u00ednuo aprimoramento da gest\u00e3o p\u00fablica e da presta\u00e7\u00e3o de servi\u00e7os \u00e0 popula\u00e7\u00e3o.<\/p>\n<p>&nbsp;<\/p>\n<p>&nbsp;<\/p>\n<p>&nbsp;<\/p>\n<p><strong>Por Secom PMP com SEMFAZ<\/strong><\/p>\n<p>&nbsp;<\/p>\n","protected":false},"excerpt":{"rendered":"<p>Uma ferramenta tecnol\u00f3gica desenvolvida pela \u00e1rea t\u00e9cnica da Secretaria Municipal de Fazenda (SEMFAZ) da Prefeitura de Penedo foi aprovada para o 15\u00ba Congresso do Conselho Nacional de Secret\u00e1rios de Estado da Administra\u00e7\u00e3o \u2013 Congresso Consad de Gest\u00e3o P\u00fablica. &nbsp; Com o t\u00edtulo \u201cUsabilidade e Constru\u00e7\u00e3o Compartilhada em Sistemas de Gest\u00e3o Municipal: O Caso do Arquiva+\u201d, &hellip;<\/p>\n","protected":false},"author":2,"featured_media":37489,"comment_status":"open","ping_status":"open","sticky":false,"template":"","format":"standard","meta":{"_jetpack_memberships_contains_paid_content":false,"footnotes":""},"categories":[1,3],"tags":[],"class_list":["post-37488","post","type-post","status-publish","format-standard","has-post-thumbnail","hentry","category-destaque","category-penedo"],"jetpack_featured_media_url":"https:\/\/www.oparanews.com.br\/wp-content\/uploads\/2026\/04\/Sem-titddddulo.png","jetpack_sharing_enabled":true,"_links":{"self":[{"href":"https:\/\/www.oparanews.com.br\/index.php\/wp-json\/wp\/v2\/posts\/37488","targetHints":{"allow":["GET"]}}],"collection":[{"href":"https:\/\/www.oparanews.com.br\/index.php\/wp-json\/wp\/v2\/posts"}],"about":[{"href":"https:\/\/www.oparanews.com.br\/index.php\/wp-json\/wp\/v2\/types\/post"}],"author":[{"embeddable":true,"href":"https:\/\/www.oparanews.com.br\/index.php\/wp-json\/wp\/v2\/users\/2"}],"replies":[{"embeddable":true,"href":"https:\/\/www.oparanews.com.br\/index.php\/wp-json\/wp\/v2\/comments?post=37488"}],"version-history":[{"count":1,"href":"https:\/\/www.oparanews.com.br\/index.php\/wp-json\/wp\/v2\/posts\/37488\/revisions"}],"predecessor-version":[{"id":37490,"href":"https:\/\/www.oparanews.com.br\/index.php\/wp-json\/wp\/v2\/posts\/37488\/revisions\/37490"}],"wp:featuredmedia":[{"embeddable":true,"href":"https:\/\/www.oparanews.com.br\/index.php\/wp-json\/wp\/v2\/media\/37489"}],"wp:attachment":[{"href":"https:\/\/www.oparanews.com.br\/index.php\/wp-json\/wp\/v2\/media?parent=37488"}],"wp:term":[{"taxonomy":"category","embeddable":true,"href":"https:\/\/www.oparanews.com.br\/index.php\/wp-json\/wp\/v2\/categories?post=37488"},{"taxonomy":"post_tag","embeddable":true,"href":"https:\/\/www.oparanews.com.br\/index.php\/wp-json\/wp\/v2\/tags?post=37488"}],"curies":[{"name":"wp","href":"https:\/\/api.w.org\/{rel}","templated":true}]}}