{"id":37497,"date":"2026-04-29T14:37:39","date_gmt":"2026-04-29T17:37:39","guid":{"rendered":"https:\/\/www.oparanews.com.br\/?p=37497"},"modified":"2026-04-29T14:37:39","modified_gmt":"2026-04-29T17:37:39","slug":"homem-e-preso-por-embriaguez-ao-volante-apos-invadir-batalhao-e-bater-em-moto-de-policial","status":"publish","type":"post","link":"https:\/\/www.oparanews.com.br\/index.php\/2026\/04\/29\/homem-e-preso-por-embriaguez-ao-volante-apos-invadir-batalhao-e-bater-em-moto-de-policial\/","title":{"rendered":"Homem \u00e9 preso por embriaguez ao volante ap\u00f3s invadir batalh\u00e3o e bater em moto de policial"},"content":{"rendered":"<div id=\"chunk-8dfsd\">\n<div class=\"mc-column content-text active-extra-styles \" data-block-type=\"unstyled\" data-block-weight=\"50\" data-block-id=\"3\">\n<p class=\" content-text__container \" data-track-category=\"Link no Texto\" data-track-links=\"\" data-mrf-recirculation=\"Mat\u00e9ria - Links no Texto\">Um homem foi preso em flagrante por embriaguez ao volante na noite de ter\u00e7a-feira (28), ap\u00f3s invadir o estacionamento do 12\u00ba Batalh\u00e3o de Pol\u00edcia (BP) e colidir o carro que dirigia contra a moto de um militar.\u00a0O nome do suspeito n\u00e3o foi divulgado, e n\u00e3o h\u00e1 registro de feridos.<\/p>\n<p data-track-category=\"Link no Texto\" data-track-links=\"\" data-mrf-recirculation=\"Mat\u00e9ria - Links no Texto\">\n<\/div>\n<\/div>\n<div class=\"wall protected-content\">\n<div id=\"chunk-c2c56\">\n<div class=\"mc-column content-text active-extra-styles \" data-block-type=\"unstyled\" data-block-weight=\"38\" data-block-id=\"5\">\n<p class=\" content-text__container \" data-track-category=\"Link no Texto\" data-track-links=\"\" data-mrf-recirculation=\"Mat\u00e9ria - Links no Texto\">De acordo com a Pol\u00edcia Militar (PM), o homem conduzia um carro de cor prata, de placas NMJ-1405. A equipe de plant\u00e3o realizou a deten\u00e7\u00e3o do motorista que, segundo os policiais, apresentava sinais de embriaguez e comportamento agitado.<\/p>\n<p data-track-category=\"Link no Texto\" data-track-links=\"\" data-mrf-recirculation=\"Mat\u00e9ria - Links no Texto\">\n<\/div>\n<\/div>\n<div id=\"chunk-8ldnm\">\n<div class=\"mc-column content-text active-extra-styles \" data-block-type=\"unstyled\" data-block-weight=\"19\" data-block-id=\"6\">\n<p class=\" content-text__container \" data-track-category=\"Link no Texto\" data-track-links=\"\" data-mrf-recirculation=\"Mat\u00e9ria - Links no Texto\">O suspeito foi encaminhado \u00e0 Central de Flagrantes, no Tabuleiro dos Martins, onde foi autuado por embriaguez ao volante.<\/p>\n<\/div>\n<\/div>\n<\/div>\n<p data-track-category=\"Link no Texto\" data-track-links=\"\" data-mrf-recirculation=\"Mat\u00e9ria - Links no Texto\">\n<p data-track-category=\"Link no Texto\" data-track-links=\"\" data-mrf-recirculation=\"Mat\u00e9ria - Links no Texto\">\n<p data-track-category=\"Link no Texto\" data-track-links=\"\" data-mrf-recirculation=\"Mat\u00e9ria - Links no Texto\"><strong>Fonte: G1\/AL<\/strong><\/p>\n","protected":false},"excerpt":{"rendered":"<p>Um homem foi preso em flagrante por embriaguez ao volante na noite de ter\u00e7a-feira (28), ap\u00f3s invadir o estacionamento do 12\u00ba Batalh\u00e3o de Pol\u00edcia (BP) e colidir o carro que dirigia contra a moto de um militar.\u00a0O nome do suspeito n\u00e3o foi divulgado, e n\u00e3o h\u00e1 registro de feridos. De acordo com a Pol\u00edcia Militar &hellip;<\/p>\n","protected":false},"author":2,"featured_media":37498,"comment_status":"open","ping_status":"open","sticky":false,"template":"","format":"standard","meta":{"_jetpack_memberships_contains_paid_content":false,"footnotes":""},"categories":[4],"tags":[],"class_list":["post-37497","post","type-post","status-publish","format-standard","has-post-thumbnail","hentry","category-alagoas"],"jetpack_featured_media_url":"https:\/\/www.oparanews.com.br\/wp-content\/uploads\/2026\/04\/whatsapp-image-2023-12-26-at-08.39.57.avif","jetpack_sharing_enabled":true,"_links":{"self":[{"href":"https:\/\/www.oparanews.com.br\/index.php\/wp-json\/wp\/v2\/posts\/37497","targetHints":{"allow":["GET"]}}],"collection":[{"href":"https:\/\/www.oparanews.com.br\/index.php\/wp-json\/wp\/v2\/posts"}],"about":[{"href":"https:\/\/www.oparanews.com.br\/index.php\/wp-json\/wp\/v2\/types\/post"}],"author":[{"embeddable":true,"href":"https:\/\/www.oparanews.com.br\/index.php\/wp-json\/wp\/v2\/users\/2"}],"replies":[{"embeddable":true,"href":"https:\/\/www.oparanews.com.br\/index.php\/wp-json\/wp\/v2\/comments?post=37497"}],"version-history":[{"count":1,"href":"https:\/\/www.oparanews.com.br\/index.php\/wp-json\/wp\/v2\/posts\/37497\/revisions"}],"predecessor-version":[{"id":37499,"href":"https:\/\/www.oparanews.com.br\/index.php\/wp-json\/wp\/v2\/posts\/37497\/revisions\/37499"}],"wp:featuredmedia":[{"embeddable":true,"href":"https:\/\/www.oparanews.com.br\/index.php\/wp-json\/wp\/v2\/media\/37498"}],"wp:attachment":[{"href":"https:\/\/www.oparanews.com.br\/index.php\/wp-json\/wp\/v2\/media?parent=37497"}],"wp:term":[{"taxonomy":"category","embeddable":true,"href":"https:\/\/www.oparanews.com.br\/index.php\/wp-json\/wp\/v2\/categories?post=37497"},{"taxonomy":"post_tag","embeddable":true,"href":"https:\/\/www.oparanews.com.br\/index.php\/wp-json\/wp\/v2\/tags?post=37497"}],"curies":[{"name":"wp","href":"https:\/\/api.w.org\/{rel}","templated":true}]}}