{"id":37503,"date":"2026-04-29T20:55:57","date_gmt":"2026-04-29T23:55:57","guid":{"rendered":"https:\/\/www.oparanews.com.br\/?p=37503"},"modified":"2026-04-29T20:56:58","modified_gmt":"2026-04-29T23:56:58","slug":"penedense-aerton-reis-detalha-obras-de-alojamento-e-nova-arquibancada-no-alfredo-leahy","status":"publish","type":"post","link":"https:\/\/www.oparanews.com.br\/index.php\/2026\/04\/29\/penedense-aerton-reis-detalha-obras-de-alojamento-e-nova-arquibancada-no-alfredo-leahy\/","title":{"rendered":"Penedense: Aerton Reis detalha obras de alojamento e nova arquibancada no Alfredo Leahy"},"content":{"rendered":"<p>O Sport Club Penedense vive um momento de reestrutura\u00e7\u00e3o que vai al\u00e9m das quatro linhas. Em entrevista ao OparaNews Play, o presidente do clube, Aerton Reis, detalhou o cronograma de obras que promete transformar a infraestrutura do Est\u00e1dio Dr. Alfredo Leahy.<\/p>\n<p>&nbsp;<\/p>\n<p><strong>Legado e Alojamento<\/strong><\/p>\n<p>&nbsp;<\/p>\n<p>O principal destaque \u00e9 a constru\u00e7\u00e3o do alojamento pr\u00f3prio para os atletas. Segundo Aerton Reis, a estrutura contar\u00e1 com oito apartamentos triplos, sendo quatro no primeiro andar e quatro no segundo andar.<\/p>\n<p>&nbsp;<\/p>\n<p>O investimento visa eliminar custos fixos com alugu\u00e9is de moradias externas durante as competi\u00e7\u00f5es. A previs\u00e3o oficial para a entrega da obra \u00e9 setembro de 2026.<\/p>\n<p>&nbsp;<\/p>\n<p><strong>Mais espa\u00e7o para o torcedor<\/strong><\/p>\n<p>&nbsp;<\/p>\n<p>Al\u00e9m da concentra\u00e7\u00e3o, a diretoria planeja a expans\u00e3o f\u00edsica da pra\u00e7a esportiva. O foco est\u00e1 na \u00e1rea por tr\u00e1s do gol que d\u00e1 acesso ao Lar de Nazar\u00e9. A ideia prev\u00ea a constru\u00e7\u00e3o de uma nova arquibancada com capacidade para 220 lugares, destinada especificamente para acomodar a torcida visitante com mais seguran\u00e7a e conforto.<\/p>\n<p>&nbsp;<\/p>\n<p><strong>Calend\u00e1rio e Recursos<\/strong><\/p>\n<p>&nbsp;<\/p>\n<p>Os avan\u00e7os estruturais acontecem em um ano hist\u00f3rico, impulsionados pela visibilidade e pelos recursos garantidos pela participa\u00e7\u00e3o do Penedense na Copa do Brasil.<\/p>\n<p>&nbsp;<\/p>\n<p>&nbsp;<\/p>\n<p><strong>por Reda\u00e7\u00e3o<\/strong><\/p>\n<p>&nbsp;<\/p>\n","protected":false},"excerpt":{"rendered":"<p>O Sport Club Penedense vive um momento de reestrutura\u00e7\u00e3o que vai al\u00e9m das quatro linhas. Em entrevista ao OparaNews Play, o presidente do clube, Aerton Reis, detalhou o cronograma de obras que promete transformar a infraestrutura do Est\u00e1dio Dr. Alfredo Leahy. &nbsp; Legado e Alojamento &nbsp; O principal destaque \u00e9 a constru\u00e7\u00e3o do alojamento pr\u00f3prio &hellip;<\/p>\n","protected":false},"author":2,"featured_media":37504,"comment_status":"open","ping_status":"open","sticky":false,"template":"","format":"standard","meta":{"_jetpack_memberships_contains_paid_content":false,"footnotes":""},"categories":[1,6,3],"tags":[],"class_list":["post-37503","post","type-post","status-publish","format-standard","has-post-thumbnail","hentry","category-destaque","category-esporte","category-penedo"],"jetpack_featured_media_url":"https:\/\/www.oparanews.com.br\/wp-content\/uploads\/2026\/04\/IMG_0389-scaled.jpeg","jetpack_sharing_enabled":true,"_links":{"self":[{"href":"https:\/\/www.oparanews.com.br\/index.php\/wp-json\/wp\/v2\/posts\/37503","targetHints":{"allow":["GET"]}}],"collection":[{"href":"https:\/\/www.oparanews.com.br\/index.php\/wp-json\/wp\/v2\/posts"}],"about":[{"href":"https:\/\/www.oparanews.com.br\/index.php\/wp-json\/wp\/v2\/types\/post"}],"author":[{"embeddable":true,"href":"https:\/\/www.oparanews.com.br\/index.php\/wp-json\/wp\/v2\/users\/2"}],"replies":[{"embeddable":true,"href":"https:\/\/www.oparanews.com.br\/index.php\/wp-json\/wp\/v2\/comments?post=37503"}],"version-history":[{"count":2,"href":"https:\/\/www.oparanews.com.br\/index.php\/wp-json\/wp\/v2\/posts\/37503\/revisions"}],"predecessor-version":[{"id":37506,"href":"https:\/\/www.oparanews.com.br\/index.php\/wp-json\/wp\/v2\/posts\/37503\/revisions\/37506"}],"wp:featuredmedia":[{"embeddable":true,"href":"https:\/\/www.oparanews.com.br\/index.php\/wp-json\/wp\/v2\/media\/37504"}],"wp:attachment":[{"href":"https:\/\/www.oparanews.com.br\/index.php\/wp-json\/wp\/v2\/media?parent=37503"}],"wp:term":[{"taxonomy":"category","embeddable":true,"href":"https:\/\/www.oparanews.com.br\/index.php\/wp-json\/wp\/v2\/categories?post=37503"},{"taxonomy":"post_tag","embeddable":true,"href":"https:\/\/www.oparanews.com.br\/index.php\/wp-json\/wp\/v2\/tags?post=37503"}],"curies":[{"name":"wp","href":"https:\/\/api.w.org\/{rel}","templated":true}]}}