{"id":37507,"date":"2026-04-30T14:21:49","date_gmt":"2026-04-30T17:21:49","guid":{"rendered":"https:\/\/www.oparanews.com.br\/?p=37507"},"modified":"2026-04-30T14:21:49","modified_gmt":"2026-04-30T17:21:49","slug":"5a-edicao-do-festival-das-aguas-mobiliza-comunidade-do-barro-vermelho","status":"publish","type":"post","link":"https:\/\/www.oparanews.com.br\/index.php\/2026\/04\/30\/5a-edicao-do-festival-das-aguas-mobiliza-comunidade-do-barro-vermelho\/","title":{"rendered":"5\u00aa edi\u00e7\u00e3o do Festival das \u00c1guas mobiliza comunidade do Barro Vermelho"},"content":{"rendered":"<p>O primeiro bairro de Penedo foi palco da 5\u00aa edi\u00e7\u00e3o do Festival das \u00c1guas, evento realizado pela prefeitura por meio das secretarias de Assist\u00eancia Social e Direitos Humanos (SEMASDH) e da Mulher (SEMU) nesta quarta-feira, 29 de abril.<\/p>\n<p>&nbsp;<\/p>\n<p>O trabalho organizado por meio do CRAS Santo Ant\u00f4nio \u2013 nome oficial do Barro Vermelho, denomina\u00e7\u00e3o popular da comunidade ribeirinha que deu origem \u00e0 cidade hist\u00f3rica \u2013 movimentou moradores que tamb\u00e9m tiveram acesso aos servi\u00e7os do Programa Assist\u00eancia Com Voc\u00ea.<\/p>\n<p><a href=\"https:\/\/www.oparanews.com.br\/index.php\/2026\/04\/30\/5a-edicao-do-festival-das-aguas-mobiliza-comunidade-do-barro-vermelho\/festival-das-aguas-semasdh-penedo-foto-deywesson-duarte-6\/\" rel=\"attachment wp-att-37508\"><img loading=\"lazy\" decoding=\"async\" class=\"aligncenter size-full wp-image-37508\" src=\"http:\/\/www.oparanews.com.br\/wp-content\/uploads\/2026\/04\/festival-das-aguas-semasdh-penedo-foto-deywesson-duarte-6.avif\" alt=\"\" width=\"1600\" height=\"1066\" \/><\/a><\/p>\n<p>&nbsp;<\/p>\n<p>Reunidos na Pra\u00e7a 31 de Mar\u00e7o, servidores da SEMASDH e da SEMU atenderam a popula\u00e7\u00e3o que puderam resolver pend\u00eancias relacionadas com programas de benef\u00edcio social, solicitar documentos ou tarifa social de \u00e1gua e de energia el\u00e9trica.<\/p>\n<p>&nbsp;<\/p>\n<p>J\u00e1 consolidado como um marco no calend\u00e1rio de eventos do o bairro mais antigo de Penedo, o Festival das \u00c1guas tamb\u00e9m promoveu um dia de celebra\u00e7\u00e3o que uniu gera\u00e7\u00f5es em torno da preserva\u00e7\u00e3o da identidade penedense e da cultura popular.<\/p>\n<p>&nbsp;<\/p>\n<p>Crian\u00e7as e pessoas idosas apresentaram manifesta\u00e7\u00f5es art\u00edsticas que refor\u00e7am as ra\u00edzes locais, garantindo a preserva\u00e7\u00e3o de tradi\u00e7\u00f5es, incentivando o sentimento de pertencimento entre os moradores mais jovens do bairro Santo Ant\u00f4nio.<\/p>\n<p>&nbsp;<\/p>\n<p>&nbsp;<\/p>\n<p><strong>Por Secom PMP<\/strong><\/p>\n<p>&nbsp;<\/p>\n","protected":false},"excerpt":{"rendered":"<p>O primeiro bairro de Penedo foi palco da 5\u00aa edi\u00e7\u00e3o do Festival das \u00c1guas, evento realizado pela prefeitura por meio das secretarias de Assist\u00eancia Social e Direitos Humanos (SEMASDH) e da Mulher (SEMU) nesta quarta-feira, 29 de abril. &nbsp; O trabalho organizado por meio do CRAS Santo Ant\u00f4nio \u2013 nome oficial do Barro Vermelho, denomina\u00e7\u00e3o &hellip;<\/p>\n","protected":false},"author":2,"featured_media":37509,"comment_status":"open","ping_status":"open","sticky":false,"template":"","format":"standard","meta":{"_jetpack_memberships_contains_paid_content":false,"footnotes":""},"categories":[1,3],"tags":[],"class_list":["post-37507","post","type-post","status-publish","format-standard","has-post-thumbnail","hentry","category-destaque","category-penedo"],"jetpack_featured_media_url":"https:\/\/www.oparanews.com.br\/wp-content\/uploads\/2026\/04\/Sem-titulo-21.png","jetpack_sharing_enabled":true,"_links":{"self":[{"href":"https:\/\/www.oparanews.com.br\/index.php\/wp-json\/wp\/v2\/posts\/37507","targetHints":{"allow":["GET"]}}],"collection":[{"href":"https:\/\/www.oparanews.com.br\/index.php\/wp-json\/wp\/v2\/posts"}],"about":[{"href":"https:\/\/www.oparanews.com.br\/index.php\/wp-json\/wp\/v2\/types\/post"}],"author":[{"embeddable":true,"href":"https:\/\/www.oparanews.com.br\/index.php\/wp-json\/wp\/v2\/users\/2"}],"replies":[{"embeddable":true,"href":"https:\/\/www.oparanews.com.br\/index.php\/wp-json\/wp\/v2\/comments?post=37507"}],"version-history":[{"count":2,"href":"https:\/\/www.oparanews.com.br\/index.php\/wp-json\/wp\/v2\/posts\/37507\/revisions"}],"predecessor-version":[{"id":37511,"href":"https:\/\/www.oparanews.com.br\/index.php\/wp-json\/wp\/v2\/posts\/37507\/revisions\/37511"}],"wp:featuredmedia":[{"embeddable":true,"href":"https:\/\/www.oparanews.com.br\/index.php\/wp-json\/wp\/v2\/media\/37509"}],"wp:attachment":[{"href":"https:\/\/www.oparanews.com.br\/index.php\/wp-json\/wp\/v2\/media?parent=37507"}],"wp:term":[{"taxonomy":"category","embeddable":true,"href":"https:\/\/www.oparanews.com.br\/index.php\/wp-json\/wp\/v2\/categories?post=37507"},{"taxonomy":"post_tag","embeddable":true,"href":"https:\/\/www.oparanews.com.br\/index.php\/wp-json\/wp\/v2\/tags?post=37507"}],"curies":[{"name":"wp","href":"https:\/\/api.w.org\/{rel}","templated":true}]}}