{"id":37512,"date":"2026-04-30T14:24:33","date_gmt":"2026-04-30T17:24:33","guid":{"rendered":"https:\/\/www.oparanews.com.br\/?p=37512"},"modified":"2026-04-30T14:24:33","modified_gmt":"2026-04-30T17:24:33","slug":"programa-visao-para-todos-viabiliza-mais-de-7-mil-atendimentos-para-alunos-da-eja-em-penedo","status":"publish","type":"post","link":"https:\/\/www.oparanews.com.br\/index.php\/2026\/04\/30\/programa-visao-para-todos-viabiliza-mais-de-7-mil-atendimentos-para-alunos-da-eja-em-penedo\/","title":{"rendered":"Programa Vis\u00e3o Para Todos viabiliza mais de 7 mil atendimentos para alunos da EJA em Penedo"},"content":{"rendered":"<p>A Prefeitura de Penedo, por meio da Secretaria Municipal de Sa\u00fade (SMS), divulga o balan\u00e7o final das a\u00e7\u00f5es do Programa Vis\u00e3o Para Todos para alunos e alunas da Educa\u00e7\u00e3o de Jovens e Adultos (EJA), primeiro p\u00fablico-alvo do maior programa de sa\u00fade ocular da regi\u00e3o do Baixo S\u00e3o Francisco.<\/p>\n<p>&nbsp;<\/p>\n<p>A iniciativa do\u00a0<a href=\"https:\/\/penedo.al.gov.br\/2026\/03\/06\/visao-para-todos-prefeitura-de-penedo-lanca-maior-programa-de-saude-dos-olhos-da-historia-do-municipio\/\"><strong>governo Inova\u00e7\u00e3o e Crescimento foi lan\u00e7ada em 05 de maio<\/strong><\/a>, com recursos de emenda parlamentar do deputado federal Luciano Amaral, trabalho que j\u00e1 avan\u00e7ou para\u00a0<a href=\"https:\/\/penedo.al.gov.br\/2026\/04\/17\/programa-visao-para-todos-inicia-atendimento-de-criancas-matriculadas-em-escolas-da-prefeitura-de-penedo\/\"><strong>estudantes com at\u00e9 08 anos de idade da rede p\u00fablica municipal<\/strong><\/a>, etapa que antecede ao Vis\u00e3o Para Todos nos postos de sa\u00fade, ou seja, para toda a popula\u00e7\u00e3o penedense.<\/p>\n<p>&nbsp;<\/p>\n<p>O plano de trabalho da fase direcionada para jovens, adultos e idosos matriculados em turmas da EJA da Secretaria Municipal de Educa\u00e7\u00e3o (SEMED) atendeu 1.171 estudantes, com a realiza\u00e7\u00e3o de 7.754 procedimentos oftalmol\u00f3gicos.<\/p>\n<figure id=\"attachment_37514\" aria-describedby=\"caption-attachment-37514\" style=\"width: 1600px\" class=\"wp-caption aligncenter\"><a href=\"https:\/\/www.oparanews.com.br\/index.php\/2026\/04\/30\/programa-visao-para-todos-viabiliza-mais-de-7-mil-atendimentos-para-alunos-da-eja-em-penedo\/visao-para-todos-sms-penedo-foto-deywesson-duarte-3\/\" rel=\"attachment wp-att-37514\"><img loading=\"lazy\" decoding=\"async\" class=\"size-full wp-image-37514\" src=\"http:\/\/www.oparanews.com.br\/wp-content\/uploads\/2026\/04\/visao-para-todos-sms-penedo-foto-deywesson-duarte-3.avif\" alt=\"\" width=\"1600\" height=\"1066\" \/><\/a><figcaption id=\"caption-attachment-37514\" class=\"wp-caption-text\">Deywesson Duarte (Secom)<\/figcaption><\/figure>\n<p>&nbsp;<\/p>\n<p>A assist\u00eancia de car\u00e1ter integral e gratuita tamb\u00e9m disponibilizou 750 \u00f3culos para alunos que apresentaram necessidade, garantindo melhores condi\u00e7\u00f5es de aprendizado e bem-estar.<\/p>\n<p>&nbsp;<\/p>\n<blockquote><p>\u201cFinalizamos essa primeira etapa do Programa Vis\u00e3o Para Todos com um sentimento muito grande de dever cumprido. Foram 1.171 alunos da EJA atendidos, quase 8 mil procedimentos realizados e 750 \u00f3culos garantidos gratuitamente para quem precisava. Isso significa devolver qualidade de vida, melhorar o aprendizado, facilitar a rotina e cuidar de pessoas que, muitas vezes, passaram anos sem acesso a uma avalia\u00e7\u00e3o oftalmol\u00f3gica completa. E o programa n\u00e3o para por aqui. N\u00f3s j\u00e1 iniciamos a segunda etapa, voltada \u00e0s crian\u00e7as, levando os atendimentos para dentro das pr\u00f3prias unidades escolares, com autoriza\u00e7\u00e3o dos pais, para identificar precocemente altera\u00e7\u00f5es visuais e garantir que nossas crian\u00e7as cres\u00e7am, aprendam e se desenvolvam com mais sa\u00fade. Esse \u00e9 o compromisso do prefeito Ronaldo Lopes: cuidar das pessoas em todas as fases da vida, com preven\u00e7\u00e3o, acesso e dignidade\u201d, afirma a Secret\u00e1ria Municipal de Sa\u00fade, Waninna Mendon\u00e7a.<\/p><\/blockquote>\n<p>&nbsp;<\/p>\n<p>&nbsp;<\/p>\n<p><strong>Preven\u00e7\u00e3o<\/strong><\/p>\n<p>&nbsp;<\/p>\n<p>O Programa Vis\u00e3o Para Todos tem papel fundamental na identifica\u00e7\u00e3o precoce de problemas visuais que podem impactar diretamente o desempenho escolar e as atividades do dia a dia.<\/p>\n<p>&nbsp;<\/p>\n<p>Os servi\u00e7os oferecidos por meio da iniciativa in\u00e9dita em Penedo e regi\u00e3o incluem consultas oftalmol\u00f3gicas aos exames essenciais como teste ort\u00f3ptico, tonometria, mapeamento de retina, biomicroscopia, topografia, campimetria, paquimetria e curva de press\u00e3o ocular.<\/p>\n<figure id=\"attachment_37513\" aria-describedby=\"caption-attachment-37513\" style=\"width: 1600px\" class=\"wp-caption aligncenter\"><a href=\"https:\/\/www.oparanews.com.br\/index.php\/2026\/04\/30\/programa-visao-para-todos-viabiliza-mais-de-7-mil-atendimentos-para-alunos-da-eja-em-penedo\/visao-para-todos-sms-penedo-foto-deywesson-duarte-2\/\" rel=\"attachment wp-att-37513\"><img loading=\"lazy\" decoding=\"async\" class=\"size-full wp-image-37513\" src=\"http:\/\/www.oparanews.com.br\/wp-content\/uploads\/2026\/04\/visao-para-todos-sms-penedo-foto-deywesson-duarte-2.avif\" alt=\"\" width=\"1600\" height=\"1066\" \/><\/a><figcaption id=\"caption-attachment-37513\" class=\"wp-caption-text\">Deywesson Duarte (Secom)<\/figcaption><\/figure>\n<p>&nbsp;<\/p>\n<p>Al\u00e9m disso, o programa tamb\u00e9m viabiliza exames laboratoriais importantes, como hemograma, glicemia e coagulograma, bem como eletrocardiogramas e encaminhamentos para procedimentos espec\u00edficos, como capsulotomia a YAG laser e cirurgias de catarata, pter\u00edgio e glaucoma, assim como encaminhamento para endocrinologista para pacientes diab\u00e9ticos.<\/p>\n<p>&nbsp;<\/p>\n<p>A Secretaria Municipal de Sa\u00fade destaca que a\u00e7\u00f5es como essa fortalecem a aten\u00e7\u00e3o b\u00e1sica e ampliam o acesso da popula\u00e7\u00e3o a servi\u00e7os especializados, contribuindo para a inclus\u00e3o social e educacional.<\/p>\n<p>&nbsp;<\/p>\n<p>&nbsp;<\/p>\n<p>&nbsp;<\/p>\n<p><strong>Por Assessoria SMS<\/strong><\/p>\n<p>&nbsp;<\/p>\n","protected":false},"excerpt":{"rendered":"<p>A Prefeitura de Penedo, por meio da Secretaria Municipal de Sa\u00fade (SMS), divulga o balan\u00e7o final das a\u00e7\u00f5es do Programa Vis\u00e3o Para Todos para alunos e alunas da Educa\u00e7\u00e3o de Jovens e Adultos (EJA), primeiro p\u00fablico-alvo do maior programa de sa\u00fade ocular da regi\u00e3o do Baixo S\u00e3o Francisco. &nbsp; A iniciativa do\u00a0governo Inova\u00e7\u00e3o e Crescimento &hellip;<\/p>\n","protected":false},"author":2,"featured_media":37515,"comment_status":"open","ping_status":"open","sticky":false,"template":"","format":"standard","meta":{"_jetpack_memberships_contains_paid_content":false,"footnotes":""},"categories":[1,3],"tags":[],"class_list":["post-37512","post","type-post","status-publish","format-standard","has-post-thumbnail","hentry","category-destaque","category-penedo"],"jetpack_featured_media_url":"https:\/\/www.oparanews.com.br\/wp-content\/uploads\/2026\/04\/visao-para-todos-sms-penedo-foto-deywesson-duarte-10.avif","jetpack_sharing_enabled":true,"_links":{"self":[{"href":"https:\/\/www.oparanews.com.br\/index.php\/wp-json\/wp\/v2\/posts\/37512","targetHints":{"allow":["GET"]}}],"collection":[{"href":"https:\/\/www.oparanews.com.br\/index.php\/wp-json\/wp\/v2\/posts"}],"about":[{"href":"https:\/\/www.oparanews.com.br\/index.php\/wp-json\/wp\/v2\/types\/post"}],"author":[{"embeddable":true,"href":"https:\/\/www.oparanews.com.br\/index.php\/wp-json\/wp\/v2\/users\/2"}],"replies":[{"embeddable":true,"href":"https:\/\/www.oparanews.com.br\/index.php\/wp-json\/wp\/v2\/comments?post=37512"}],"version-history":[{"count":2,"href":"https:\/\/www.oparanews.com.br\/index.php\/wp-json\/wp\/v2\/posts\/37512\/revisions"}],"predecessor-version":[{"id":37517,"href":"https:\/\/www.oparanews.com.br\/index.php\/wp-json\/wp\/v2\/posts\/37512\/revisions\/37517"}],"wp:featuredmedia":[{"embeddable":true,"href":"https:\/\/www.oparanews.com.br\/index.php\/wp-json\/wp\/v2\/media\/37515"}],"wp:attachment":[{"href":"https:\/\/www.oparanews.com.br\/index.php\/wp-json\/wp\/v2\/media?parent=37512"}],"wp:term":[{"taxonomy":"category","embeddable":true,"href":"https:\/\/www.oparanews.com.br\/index.php\/wp-json\/wp\/v2\/categories?post=37512"},{"taxonomy":"post_tag","embeddable":true,"href":"https:\/\/www.oparanews.com.br\/index.php\/wp-json\/wp\/v2\/tags?post=37512"}],"curies":[{"name":"wp","href":"https:\/\/api.w.org\/{rel}","templated":true}]}}