{"id":3766,"date":"2020-02-10T19:03:51","date_gmt":"2020-02-10T19:03:51","guid":{"rendered":"https:\/\/oparanews.com.br\/?p=3766"},"modified":"2020-02-10T19:03:51","modified_gmt":"2020-02-10T19:03:51","slug":"semdesh-penedo-realiza-encontro-tecnico-com-equipe-da-secretaria","status":"publish","type":"post","link":"https:\/\/www.oparanews.com.br\/index.php\/2020\/02\/10\/semdesh-penedo-realiza-encontro-tecnico-com-equipe-da-secretaria\/","title":{"rendered":"Semdesh Penedo realiza Encontro T\u00e9cnico com equipe da secretaria"},"content":{"rendered":"<p>Em reuni\u00e3o ocorrida no audit\u00f3rio do Sindspem, a Secretaria Municipal de Desenvolvimento Social e Habita\u00e7\u00e3o juntou todas as equipes para um Encontro T\u00e9cnico, com o objetivo de apresentar o planejamento da Secretaria para 2020.<\/p>\n<p>Al\u00e9m disso ocorreu a Palestra: O Poder do Prop\u00f3sito, com o PHD em lideran\u00e7a Adilson Souza.<\/p>\n<p>Durante o encontro o Psic\u00f3logo e Secret\u00e1rio Municipal de Desenvolvimento Social e Habita\u00e7\u00e3o Vinicius Barbosa apresentou os objetivos e metas de cada \u00e1rea de atua\u00e7\u00e3o da secretaria e dos programas sociais que s\u00e3o desenvolvidos .<\/p>\n<p>Destacando a import\u00e2ncia da defini\u00e7\u00e3o de metas e como isso interfere no resultado do trabalho ao longo do ano.<\/p>\n<p>\u201cTrouxemos todas as equipes da Semdesh Penedo para falarmos sobre os objetivos, estrat\u00e9gias e as metas para 2020, abordando cada programa dentro da secretaria e suas a\u00e7\u00f5es e tamb\u00e9m a import\u00e2ncia do trabalho em equipe\u201d, afirmou Vinicius Barbosa.<\/p>\n<p><strong>Palestra<\/strong><\/p>\n<p>O PHD em Lideran\u00e7a, Adilson Souza tamb\u00e9m \u00e9 doutor em lideran\u00e7a pela Florida Christian University Orlando\/Fl\/EUA, mestre em Psicologia, P\u00f3s-graduado em Administra\u00e7\u00e3o de Empresas e Administra\u00e7\u00e3o de Recursos Humanos.<\/p>\n<p>Durante sua palestra abordou o poder do prop\u00f3sito e do pertencimento, e retratou a import\u00e2ncia da figura do l\u00edder, que para ele est\u00e1 sempre em constru\u00e7\u00e3o .Tamb\u00e9m falou sobre a representatividade dos l\u00edderes para as pessoas e como suas vidas podem ser influenciadas por um l\u00edder.<\/p>\n<p>Outros temas abordados foram: O significado de pertencer, a import\u00e2ncia da equipe, e o desenvolvimento de capacidades.<\/p>\n<p>Ainda destacou a necessidade de se criar as condi\u00e7\u00f5es para realizar o prop\u00f3sito, e acreditar que todos s\u00e3o capazes de surpreender e tamb\u00e9m de inovar para realizar coisas, mesmo quando algo n\u00e3o sair como o planejado.<\/p>\n<p><strong>por Thiago Sobral &#8211; Decom (PMP)<\/strong><\/p>\n<p>&nbsp;<\/p>\n","protected":false},"excerpt":{"rendered":"<p>Em reuni\u00e3o ocorrida no audit\u00f3rio do Sindspem, a Secretaria Municipal de Desenvolvimento Social e Habita\u00e7\u00e3o juntou todas as equipes para um Encontro T\u00e9cnico, com o objetivo de apresentar o planejamento da Secretaria para 2020. Al\u00e9m disso ocorreu a Palestra: O Poder do Prop\u00f3sito, com o PHD em lideran\u00e7a Adilson Souza. Durante o encontro o Psic\u00f3logo &hellip;<\/p>\n","protected":false},"author":1,"featured_media":3767,"comment_status":"open","ping_status":"open","sticky":false,"template":"","format":"standard","meta":{"_jetpack_memberships_contains_paid_content":false,"footnotes":""},"categories":[1],"tags":[],"class_list":["post-3766","post","type-post","status-publish","format-standard","has-post-thumbnail","hentry","category-destaque"],"jetpack_featured_media_url":"","jetpack_sharing_enabled":true,"_links":{"self":[{"href":"https:\/\/www.oparanews.com.br\/index.php\/wp-json\/wp\/v2\/posts\/3766","targetHints":{"allow":["GET"]}}],"collection":[{"href":"https:\/\/www.oparanews.com.br\/index.php\/wp-json\/wp\/v2\/posts"}],"about":[{"href":"https:\/\/www.oparanews.com.br\/index.php\/wp-json\/wp\/v2\/types\/post"}],"author":[{"embeddable":true,"href":"https:\/\/www.oparanews.com.br\/index.php\/wp-json\/wp\/v2\/users\/1"}],"replies":[{"embeddable":true,"href":"https:\/\/www.oparanews.com.br\/index.php\/wp-json\/wp\/v2\/comments?post=3766"}],"version-history":[{"count":0,"href":"https:\/\/www.oparanews.com.br\/index.php\/wp-json\/wp\/v2\/posts\/3766\/revisions"}],"wp:featuredmedia":[{"embeddable":true,"href":"https:\/\/www.oparanews.com.br\/index.php\/wp-json\/"}],"wp:attachment":[{"href":"https:\/\/www.oparanews.com.br\/index.php\/wp-json\/wp\/v2\/media?parent=3766"}],"wp:term":[{"taxonomy":"category","embeddable":true,"href":"https:\/\/www.oparanews.com.br\/index.php\/wp-json\/wp\/v2\/categories?post=3766"},{"taxonomy":"post_tag","embeddable":true,"href":"https:\/\/www.oparanews.com.br\/index.php\/wp-json\/wp\/v2\/tags?post=3766"}],"curies":[{"name":"wp","href":"https:\/\/api.w.org\/{rel}","templated":true}]}}