{"id":3831,"date":"2020-02-12T18:39:49","date_gmt":"2020-02-12T18:39:49","guid":{"rendered":"https:\/\/oparanews.com.br\/?p=3831"},"modified":"2020-02-12T18:39:49","modified_gmt":"2020-02-12T18:39:49","slug":"projeto-de-rateio-do-fundeb-e-encaminhado-pelo-governador-a-assembleia-legislativa","status":"publish","type":"post","link":"https:\/\/www.oparanews.com.br\/index.php\/2020\/02\/12\/projeto-de-rateio-do-fundeb-e-encaminhado-pelo-governador-a-assembleia-legislativa\/","title":{"rendered":"Projeto de rateio do Fundeb \u00e9 encaminhado pelo governador \u00e0 Assembleia Legislativa"},"content":{"rendered":"<p>O governador Renan Filho encaminhou para a Assembleia Legislativa de Alagoas (ALE) o Projeto de Lei que disp\u00f5e sobre o rateio das sobras de recursos do Fundeb (Fundo de Manuten\u00e7\u00e3o e Desenvolvimento da Educa\u00e7\u00e3o B\u00e1sica e de Valoriza\u00e7\u00e3o dos Profissionais da Educa\u00e7\u00e3o), referente ao ano de 2019, com os servidores em efetivo exerc\u00edcio no magist\u00e9rio da Educa\u00e7\u00e3o B\u00e1sica.<\/p>\n<p>O PL foi publicado no Di\u00e1rio Oficial do Estado desta quarta-feira, 12 de fevereiro, e s\u00f3 deve ser apreciado a partir do dia 19 deste m\u00eas, data da primeira sess\u00e3o ordin\u00e1ria da Casa de Tavares Bastos ap\u00f3s o recesso.<\/p>\n<p>Conforme o projeto, o rateio ser\u00e1 feito ao servidor na propor\u00e7\u00e3o da sua jornada de trabalho e tempo de servi\u00e7o. S\u00e3o considerados profissionais em efetivo exerc\u00edcio aqueles em atua\u00e7\u00e3o efetiva no desempenho das atividades de magist\u00e9rio, associada a sua regular vincula\u00e7\u00e3o contratual, estatut\u00e1ria ou tempor\u00e1ria (professores monitores), com o governo estadual.<\/p>\n<p>O valor a ser pago aos profissionais do magist\u00e9rio ter\u00e1 como base o subs\u00eddio da folha do 13\u00ba sal\u00e1rio de 2019.<\/p>\n<p>Em mar\u00e7o do ano passado foram pagos cerca de R$ 31 milh\u00f5es do rateio &#8211; referente a 2018 -para mais de 15 mil servidores. A previs\u00e3o \u00e9 que o pagamento este ano aconte\u00e7a tamb\u00e9m somente a partir do pr\u00f3ximo m\u00eas.<\/p>\n<p>Renan Filho anunciou que o rateio seria pago este ano no come\u00e7o de janeiro, mas somente agora a mat\u00e9ria foi enviada ao parlamento.<\/p>\n<p>&nbsp;<\/p>\n<p><strong>Fonte: CadaMinuto<\/strong><\/p>\n<p>&nbsp;<\/p>\n","protected":false},"excerpt":{"rendered":"<p>O governador Renan Filho encaminhou para a Assembleia Legislativa de Alagoas (ALE) o Projeto de Lei que disp\u00f5e sobre o rateio das sobras de recursos do Fundeb (Fundo de Manuten\u00e7\u00e3o e Desenvolvimento da Educa\u00e7\u00e3o B\u00e1sica e de Valoriza\u00e7\u00e3o dos Profissionais da Educa\u00e7\u00e3o), referente ao ano de 2019, com os servidores em efetivo exerc\u00edcio no magist\u00e9rio &hellip;<\/p>\n","protected":false},"author":1,"featured_media":3832,"comment_status":"open","ping_status":"open","sticky":false,"template":"","format":"standard","meta":{"_jetpack_memberships_contains_paid_content":false,"footnotes":""},"categories":[1],"tags":[],"class_list":["post-3831","post","type-post","status-publish","format-standard","has-post-thumbnail","hentry","category-destaque"],"jetpack_featured_media_url":"","jetpack_sharing_enabled":true,"_links":{"self":[{"href":"https:\/\/www.oparanews.com.br\/index.php\/wp-json\/wp\/v2\/posts\/3831","targetHints":{"allow":["GET"]}}],"collection":[{"href":"https:\/\/www.oparanews.com.br\/index.php\/wp-json\/wp\/v2\/posts"}],"about":[{"href":"https:\/\/www.oparanews.com.br\/index.php\/wp-json\/wp\/v2\/types\/post"}],"author":[{"embeddable":true,"href":"https:\/\/www.oparanews.com.br\/index.php\/wp-json\/wp\/v2\/users\/1"}],"replies":[{"embeddable":true,"href":"https:\/\/www.oparanews.com.br\/index.php\/wp-json\/wp\/v2\/comments?post=3831"}],"version-history":[{"count":0,"href":"https:\/\/www.oparanews.com.br\/index.php\/wp-json\/wp\/v2\/posts\/3831\/revisions"}],"wp:featuredmedia":[{"embeddable":true,"href":"https:\/\/www.oparanews.com.br\/index.php\/wp-json\/"}],"wp:attachment":[{"href":"https:\/\/www.oparanews.com.br\/index.php\/wp-json\/wp\/v2\/media?parent=3831"}],"wp:term":[{"taxonomy":"category","embeddable":true,"href":"https:\/\/www.oparanews.com.br\/index.php\/wp-json\/wp\/v2\/categories?post=3831"},{"taxonomy":"post_tag","embeddable":true,"href":"https:\/\/www.oparanews.com.br\/index.php\/wp-json\/wp\/v2\/tags?post=3831"}],"curies":[{"name":"wp","href":"https:\/\/api.w.org\/{rel}","templated":true}]}}