{"id":38672,"date":"2026-08-30T23:29:37","date_gmt":"2026-08-31T02:29:37","guid":{"rendered":"https:\/\/www.oparanews.com.br\/?p=38672"},"modified":"2026-08-30T23:29:37","modified_gmt":"2026-08-31T02:29:37","slug":"proprietario-de-imovel-tenta-atingir-inquilino-com-facao-durante-discussao-em-palmeira-dos-indios","status":"publish","type":"post","link":"https:\/\/www.oparanews.com.br\/index.php\/2026\/08\/30\/proprietario-de-imovel-tenta-atingir-inquilino-com-facao-durante-discussao-em-palmeira-dos-indios\/","title":{"rendered":"Propriet\u00e1rio de im\u00f3vel tenta atingir inquilino com fac\u00e3o durante discuss\u00e3o em Palmeira dos \u00cdndios"},"content":{"rendered":"<p>Um propriet\u00e1rio de im\u00f3vel teria tentado atingir o inquilino com um fac\u00e3o durante uma discuss\u00e3o nesse s\u00e1bado (29), em Palmeira dos \u00cdndios, Alagoas.<\/p>\n<p>&nbsp;<\/p>\n<p>De acordo com a Pol\u00edcia Militar, a v\u00edtima relatou que havia discutido com o propriet\u00e1rio do im\u00f3vel onde mora como inquilino h\u00e1 cerca de dois meses. Segundo ele, a discuss\u00e3o come\u00e7ou ap\u00f3s ser questionado sobre as pessoas que recebia na resid\u00eancia.<\/p>\n<p>&nbsp;<\/p>\n<p>Ainda conforme o relato, ao tentar entrar no im\u00f3vel para retirar seus pertences, a v\u00edtima encontrou o propriet\u00e1rio portando um fac\u00e3o. O homem teria tentado golpe\u00e1-lo duas vezes, mas um jovem que estava nas proximidades interveio e impediu a agress\u00e3o.<\/p>\n<p>&nbsp;<\/p>\n<p>Diante dos fatos, os envolvidos foram conduzidos ao Centro Integrado de Seguran\u00e7a P\u00fablica (Cisp) de Palmeira dos \u00cdndios, onde foi lavrado um Termo Circunstanciado de Ocorr\u00eancia (TCO) por amea\u00e7a.<\/p>\n<p>&nbsp;<\/p>\n<p>&nbsp;<\/p>\n<p><strong>Fonte: Gazetaweb<\/strong><\/p>\n<p>&nbsp;<\/p>\n","protected":false},"excerpt":{"rendered":"<p>Um propriet\u00e1rio de im\u00f3vel teria tentado atingir o inquilino com um fac\u00e3o durante uma discuss\u00e3o nesse s\u00e1bado (29), em Palmeira dos \u00cdndios, Alagoas. &nbsp; De acordo com a Pol\u00edcia Militar, a v\u00edtima relatou que havia discutido com o propriet\u00e1rio do im\u00f3vel onde mora como inquilino h\u00e1 cerca de dois meses. Segundo ele, a discuss\u00e3o come\u00e7ou &hellip;<\/p>\n","protected":false},"author":2,"featured_media":38673,"comment_status":"open","ping_status":"open","sticky":false,"template":"","format":"standard","meta":{"_jetpack_newsletter_access":"","_jetpack_dont_email_post_to_subs":false,"_jetpack_newsletter_tier_id":0,"_jetpack_memberships_contains_paywalled_content":false,"_jetpack_memberships_contains_paid_content":false,"footnotes":""},"categories":[4],"tags":[],"class_list":["post-38672","post","type-post","status-publish","format-standard","has-post-thumbnail","hentry","category-alagoas"],"jetpack_sharing_enabled":true,"jetpack_featured_media_url":"https:\/\/www.oparanews.com.br\/wp-content\/uploads\/2026\/08\/proprietario-de-imovel-tenta-atingir-inquilino-com-00932590-4f60326dbba8e4fdb09aea2f4fa3bf9b-7.webp","_links":{"self":[{"href":"https:\/\/www.oparanews.com.br\/index.php\/wp-json\/wp\/v2\/posts\/38672","targetHints":{"allow":["GET"]}}],"collection":[{"href":"https:\/\/www.oparanews.com.br\/index.php\/wp-json\/wp\/v2\/posts"}],"about":[{"href":"https:\/\/www.oparanews.com.br\/index.php\/wp-json\/wp\/v2\/types\/post"}],"author":[{"embeddable":true,"href":"https:\/\/www.oparanews.com.br\/index.php\/wp-json\/wp\/v2\/users\/2"}],"replies":[{"embeddable":true,"href":"https:\/\/www.oparanews.com.br\/index.php\/wp-json\/wp\/v2\/comments?post=38672"}],"version-history":[{"count":1,"href":"https:\/\/www.oparanews.com.br\/index.php\/wp-json\/wp\/v2\/posts\/38672\/revisions"}],"predecessor-version":[{"id":38674,"href":"https:\/\/www.oparanews.com.br\/index.php\/wp-json\/wp\/v2\/posts\/38672\/revisions\/38674"}],"wp:featuredmedia":[{"embeddable":true,"href":"https:\/\/www.oparanews.com.br\/index.php\/wp-json\/wp\/v2\/media\/38673"}],"wp:attachment":[{"href":"https:\/\/www.oparanews.com.br\/index.php\/wp-json\/wp\/v2\/media?parent=38672"}],"wp:term":[{"taxonomy":"category","embeddable":true,"href":"https:\/\/www.oparanews.com.br\/index.php\/wp-json\/wp\/v2\/categories?post=38672"},{"taxonomy":"post_tag","embeddable":true,"href":"https:\/\/www.oparanews.com.br\/index.php\/wp-json\/wp\/v2\/tags?post=38672"}],"curies":[{"name":"wp","href":"https:\/\/api.w.org\/{rel}","templated":true}]}}