{"id":38675,"date":"2026-08-30T23:40:19","date_gmt":"2026-08-31T02:40:19","guid":{"rendered":"https:\/\/www.oparanews.com.br\/?p=38675"},"modified":"2026-08-30T23:40:19","modified_gmt":"2026-08-31T02:40:19","slug":"edicao-2026-do-penedo-sabor-jazz-consolida-festival-no-circuito-cultural-de-alagoas-com-mais-atracoes-novo-local-e-publico-recorde","status":"publish","type":"post","link":"https:\/\/www.oparanews.com.br\/index.php\/2026\/08\/30\/edicao-2026-do-penedo-sabor-jazz-consolida-festival-no-circuito-cultural-de-alagoas-com-mais-atracoes-novo-local-e-publico-recorde\/","title":{"rendered":"Edi\u00e7\u00e3o 2026 do Penedo Sabor &#038; Jazz consolida festival no circuito cultural de Alagoas com mais atra\u00e7\u00f5es, novo local e p\u00fablico recorde"},"content":{"rendered":"<p>Em seu terceiro ano de realiza\u00e7\u00e3o, o Festival Penedo Sabor &amp; Jazz alcan\u00e7a uma expressiva expans\u00e3o e se consolida no calend\u00e1rio de eventos da Cidade Criativa da Unesco e Destino Tur\u00edstico Inteligente.<\/p>\n<p>&nbsp;<\/p>\n<p>Com sua estrutura instalada no Centro Hist\u00f3rico, saindo da Pra\u00e7a 12 de Abril para o Largo S\u00e3o Gon\u00e7alo, a programa\u00e7\u00e3o totalmente aberta ao p\u00fablico atrai cada vez mais moradores e visitantes, aquecendo a economia penedense com o trabalho que envolve diversas institui\u00e7\u00f5es.<\/p>\n<p>&nbsp;<\/p>\n<p>Diante do palco onde os shows musicais s\u00e3o realizados, a plateia pode circular livremente pela feira de artesanato, consumir nos estandes de bares e restaurantes e participar das oficinas culin\u00e1rias na unidade m\u00f3vel do Senac Alagoas, al\u00e9m das aulas-show com chefs renomados e m\u00fasicos convidados para o Penedo Sabor &amp; Jazz.<\/p>\n<p>&nbsp;<\/p>\n<p>Estreando no Largo S\u00e3o Gon\u00e7alo em virtude da ordem de servi\u00e7o para a requalifica\u00e7\u00e3o da Pra\u00e7a 12 de Abril, a mudan\u00e7a acompanhou a evolu\u00e7\u00e3o da festa, como destacou o secret\u00e1rio municipal de Turismo e Economia Criativa, Jair Galv\u00e3o.<\/p>\n<p>&nbsp;<\/p>\n<p><em><strong>\u201cN\u00f3s crescemos em tamanho, mas crescemos tamb\u00e9m nas atra\u00e7\u00f5es\u201d, disse na abertura oficial do festival, realizada na noite desta sexta-feira, 27. \u201cCome\u00e7amos o festival com quatro chefs convidados e, neste ano, n\u00f3s temos mais de 12 chefs fazendo aula show, nossa pra\u00e7a de alimenta\u00e7\u00e3o com mais restaurantes, mais expositores na feira de artesanato e mais atra\u00e7\u00f5es musicais\u201d, disse Jair Galv\u00e3o.\u00a0<\/strong><\/em><\/p>\n<p>&nbsp;<\/p>\n<p>O impacto positivo da reestrutura\u00e7\u00e3o do Penedo Sabor &amp; Jazz refletiu-se imediatamente na ades\u00e3o popular e na satisfa\u00e7\u00e3o do setor produtivo local. Representando a Associa\u00e7\u00e3o de Turismo e Economia Criativa (ASTEC), Jay Amorim destacou que a alta movimenta\u00e7\u00e3o de p\u00fablico j\u00e1 era prevista para 2026.<\/p>\n<p>&nbsp;<\/p>\n<p>A resposta dos moradores e visitantes reafirma o sucesso do novo formato e lan\u00e7a expectativas ainda mais altas para as pr\u00f3ximas edi\u00e7\u00f5es, consolidando o evento como um vetor indispens\u00e1vel de atra\u00e7\u00e3o tur\u00edstica.<\/p>\n<p><a href=\"http:\/\/www.oparanews.com.br\/wp-content\/uploads\/2026\/08\/penedo-sabor-jazz-2026-18.jpeg\"><img loading=\"lazy\" decoding=\"async\" class=\"alignnone size-full wp-image-38677\" src=\"http:\/\/www.oparanews.com.br\/wp-content\/uploads\/2026\/08\/penedo-sabor-jazz-2026-18.jpeg\" alt=\"\" width=\"1600\" height=\"1066\" srcset=\"https:\/\/www.oparanews.com.br\/wp-content\/uploads\/2026\/08\/penedo-sabor-jazz-2026-18.jpeg 1600w, https:\/\/www.oparanews.com.br\/wp-content\/uploads\/2026\/08\/penedo-sabor-jazz-2026-18-300x200.jpeg 300w, https:\/\/www.oparanews.com.br\/wp-content\/uploads\/2026\/08\/penedo-sabor-jazz-2026-18-1024x682.jpeg 1024w, https:\/\/www.oparanews.com.br\/wp-content\/uploads\/2026\/08\/penedo-sabor-jazz-2026-18-768x512.jpeg 768w, https:\/\/www.oparanews.com.br\/wp-content\/uploads\/2026\/08\/penedo-sabor-jazz-2026-18-1536x1023.jpeg 1536w\" sizes=\"auto, (max-width: 1600px) 100vw, 1600px\" \/><\/a><\/p>\n<p>Outro indicador expressivo dessa evolu\u00e7\u00e3o foi o avan\u00e7o da economia criativa dentro da estrutura do festival. Se na primeira edi\u00e7\u00e3o apenas quatro artes\u00e3os em barracas participaram, este ano o espa\u00e7o foi ampliado e abriga 16 expositores locais.<\/p>\n<p>&nbsp;<\/p>\n<p>Esse crescimento de 300% na participa\u00e7\u00e3o do artesanato evidencia a voca\u00e7\u00e3o do Penedo Sabor e Jazz para gerar renda, valorizar a produ\u00e7\u00e3o cultural da regi\u00e3o e integrar diferentes cadeias produtivas em um grande celeiro de oportunidades.<\/p>\n<p>&nbsp;<\/p>\n<p>O Penedo Sabor &amp; Jazz \u00e9 uma realiza\u00e7\u00e3o da Associa\u00e7\u00e3o dos Empres\u00e1rios e Empreendedores do Turismo e da Economia Criativa de Penedo (ASTEC) e da Prefeitura de Penedo, por meio da Secretaria Municipal de Turismo e Economia Criativa (SETUREC), com patroc\u00ednio do Sebrae Alagoas.<\/p>\n<p>&nbsp;<\/p>\n<p>Totalmente aberto ao p\u00fablico, o evento conta com o apoio cultural do Servi\u00e7o Social do Com\u00e9rcio (Sesc Alagoas) e o apoio institucional do Banco do Nordeste Cultural e Prodeter, do Servi\u00e7o Nacional de Aprendizagem Comercial (Senac Alagoas), da Associa\u00e7\u00e3o Brasileira de Bares e Restaurantes (Abrasel Alagoas), Ambev, Amad\u00ea, Sindicato do Com\u00e9rcio Varejista de Penedo (Sindilojas Penedo) e da Inst\u00e2ncia de Governan\u00e7a Caminho das \u00c1guas.<\/p>\n<p>&nbsp;<\/p>\n<p>&nbsp;<\/p>\n<p><strong>Por Secom PMP<\/strong><\/p>\n<p>&nbsp;<\/p>\n","protected":false},"excerpt":{"rendered":"<p>Em seu terceiro ano de realiza\u00e7\u00e3o, o Festival Penedo Sabor &amp; Jazz alcan\u00e7a uma expressiva expans\u00e3o e se consolida no calend\u00e1rio de eventos da Cidade Criativa da Unesco e Destino Tur\u00edstico Inteligente. &nbsp; Com sua estrutura instalada no Centro Hist\u00f3rico, saindo da Pra\u00e7a 12 de Abril para o Largo S\u00e3o Gon\u00e7alo, a programa\u00e7\u00e3o totalmente aberta &hellip;<\/p>\n","protected":false},"author":2,"featured_media":38676,"comment_status":"open","ping_status":"open","sticky":false,"template":"","format":"standard","meta":{"_jetpack_newsletter_access":"","_jetpack_dont_email_post_to_subs":false,"_jetpack_newsletter_tier_id":0,"_jetpack_memberships_contains_paywalled_content":false,"_jetpack_memberships_contains_paid_content":false,"footnotes":""},"categories":[1,3],"tags":[],"class_list":["post-38675","post","type-post","status-publish","format-standard","has-post-thumbnail","hentry","category-destaque","category-penedo"],"jetpack_sharing_enabled":true,"jetpack_featured_media_url":"https:\/\/www.oparanews.com.br\/wp-content\/uploads\/2026\/08\/penedo-sabor-jazz-2026-13.jpeg","_links":{"self":[{"href":"https:\/\/www.oparanews.com.br\/index.php\/wp-json\/wp\/v2\/posts\/38675","targetHints":{"allow":["GET"]}}],"collection":[{"href":"https:\/\/www.oparanews.com.br\/index.php\/wp-json\/wp\/v2\/posts"}],"about":[{"href":"https:\/\/www.oparanews.com.br\/index.php\/wp-json\/wp\/v2\/types\/post"}],"author":[{"embeddable":true,"href":"https:\/\/www.oparanews.com.br\/index.php\/wp-json\/wp\/v2\/users\/2"}],"replies":[{"embeddable":true,"href":"https:\/\/www.oparanews.com.br\/index.php\/wp-json\/wp\/v2\/comments?post=38675"}],"version-history":[{"count":1,"href":"https:\/\/www.oparanews.com.br\/index.php\/wp-json\/wp\/v2\/posts\/38675\/revisions"}],"predecessor-version":[{"id":38678,"href":"https:\/\/www.oparanews.com.br\/index.php\/wp-json\/wp\/v2\/posts\/38675\/revisions\/38678"}],"wp:featuredmedia":[{"embeddable":true,"href":"https:\/\/www.oparanews.com.br\/index.php\/wp-json\/wp\/v2\/media\/38676"}],"wp:attachment":[{"href":"https:\/\/www.oparanews.com.br\/index.php\/wp-json\/wp\/v2\/media?parent=38675"}],"wp:term":[{"taxonomy":"category","embeddable":true,"href":"https:\/\/www.oparanews.com.br\/index.php\/wp-json\/wp\/v2\/categories?post=38675"},{"taxonomy":"post_tag","embeddable":true,"href":"https:\/\/www.oparanews.com.br\/index.php\/wp-json\/wp\/v2\/tags?post=38675"}],"curies":[{"name":"wp","href":"https:\/\/api.w.org\/{rel}","templated":true}]}}