{"id":38687,"date":"2026-09-01T23:35:09","date_gmt":"2026-09-02T02:35:09","guid":{"rendered":"https:\/\/www.oparanews.com.br\/?p=38687"},"modified":"2026-09-01T23:35:09","modified_gmt":"2026-09-02T02:35:09","slug":"penedo-da-inicio-as-celebracoes-da-independencia-do-brasil","status":"publish","type":"post","link":"https:\/\/www.oparanews.com.br\/index.php\/2026\/09\/01\/penedo-da-inicio-as-celebracoes-da-independencia-do-brasil\/","title":{"rendered":"Penedo d\u00e1 in\u00edcio \u00e0s celebra\u00e7\u00f5es da Independ\u00eancia do Brasil"},"content":{"rendered":"<p>A Prefeitura de Penedo, por meio da Secretaria Municipal de Educa\u00e7\u00e3o (Semed), iniciou nesta ter\u00e7a-feira (1\u00ba) as celebra\u00e7\u00f5es pelos 204 anos da Independ\u00eancia do Brasil. As comemora\u00e7\u00f5es acontecem at\u00e9 a pr\u00f3xima sexta-feira (4), na Pra\u00e7a Bar\u00e3o de Penedo, espa\u00e7o que concentra os poderes Executivo e Legislativo do munic\u00edpio.<\/p>\n<p>&nbsp;<\/p>\n<p>Neste primeiro dia da Semana da P\u00e1tria, participaram representantes da Marinha do Brasil, do Corpo de Bombeiros Militar, do Tiro de Guerra, al\u00e9m de alunos e profissionais de escolas p\u00fablicas e privadas. A apresenta\u00e7\u00e3o de encerramento ficou por conta da Banda Municipal Jorge Souza Nascimento.<\/p>\n<p>&nbsp;<\/p>\n<p>A fala de abertura foi feita pelo secret\u00e1rio de Educa\u00e7\u00e3o, Luciano Lucena, que agradeceu a participa\u00e7\u00e3o dos presentes e destacou a import\u00e2ncia da democracia e da soberania nacional, ressaltando a necessidade de evitar qualquer interven\u00e7\u00e3o de outros pa\u00edses na pol\u00edtica interna e externa do Brasil.<\/p>\n<p>&nbsp;<\/p>\n<blockquote><p>\u201cQuero saudar, de modo muito especial, toda a comunidade escolar aqui presente, alunos, professores, motoristas, monitores e todos que trabalham para avan\u00e7ar a educa\u00e7\u00e3o de Penedo. Hoje, iniciamos a Semana da P\u00e1tria, um momento para reafirmarmos nosso compromisso com a independ\u00eancia e a soberania do Brasil. N\u00e3o h\u00e1 liberdade sem educa\u00e7\u00e3o, nem soberania sem conhecimento e valoriza\u00e7\u00e3o do nosso povo, da nossa cultura e das nossas viv\u00eancias. Em um momento em que vemos tentativas de colocar em risco a nossa soberania, reafirmamos que a nossa liberdade e a nossa soberania n\u00e3o ser\u00e3o moeda de troca para ningu\u00e9m. \u00c9 dentro da escola que come\u00e7amos a aprender que a democracia n\u00e3o se resume ao direito de votar\u201d, pontuo em seu discurso tamb\u00e9m o papel da escola na forma\u00e7\u00e3o humana.<\/p><\/blockquote>\n<p>&nbsp;<\/p>\n<p>Em seu discurso, o secret\u00e1rio tamb\u00e9m refor\u00e7ou que uma educa\u00e7\u00e3o p\u00fablica de qualidade pode ser o principal instrumento para toda essa constru\u00e7\u00e3o.<\/p>\n<p>&nbsp;<\/p>\n<blockquote><p>\u201cDemocracia \u00e9 di\u00e1logo, respeito, participa\u00e7\u00e3o, responsabilidade e conviv\u00eancia com aqueles que pensam de maneira diferente. \u00c9 entender que todos possuem direitos, mas tamb\u00e9m deveres na constru\u00e7\u00e3o do bem comum. E uma educa\u00e7\u00e3o p\u00fablica de qualidade \u00e9 o principal instrumento dessa constru\u00e7\u00e3o. Que os nossos estudantes compreendam que amar o Brasil tamb\u00e9m \u00e9 cuidar das pessoas, respeitar o pr\u00f3ximo, preservar o patrim\u00f4nio p\u00fablico, combater as injusti\u00e7as e contribuir para melhorar a comunidade onde vivemos. Que esta Semana da P\u00e1tria fortale\u00e7a em cada um de n\u00f3s o sentimento de cidadania e a certeza de que a verdadeira independ\u00eancia se constr\u00f3i com educa\u00e7\u00e3o, democracia, justi\u00e7a e oportunidade para todos\u201d, encerrou Luciano Lucena.<\/p><\/blockquote>\n<p>&nbsp;<\/p>\n<p>A abertura da Semana da P\u00e1tria, na Pra\u00e7a Bar\u00e3o de Penedo, contou com a presen\u00e7a das escolas estaduais Gabino Besouro e Dr. Alcides Andrade, al\u00e9m das escolas municipais Santa Luzia, Douglas Apratto, Professora Helena Carvalho de Oliveira, Josef Bergmann, Vereador Jos\u00e9 da Costa Mangabeira e Bar\u00e3o de Penedo. Tamb\u00e9m participaram as escolas da rede privada Imaculada Concei\u00e7\u00e3o e COOPEPE.<\/p>\n<p>&nbsp;<\/p>\n<p>O desfile c\u00edvico-militar deste ano teve seu percurso alterado, com o encerramento na Avenida Floriano Peixoto, em frente ao Theatro Sete de Setembro, que completa 142 anos de funda\u00e7\u00e3o nesta data.<\/p>\n<p>&nbsp;<\/p>\n<p>&nbsp;<\/p>\n<p><strong>Por Secom PMP<\/strong><\/p>\n","protected":false},"excerpt":{"rendered":"<p>A Prefeitura de Penedo, por meio da Secretaria Municipal de Educa\u00e7\u00e3o (Semed), iniciou nesta ter\u00e7a-feira (1\u00ba) as celebra\u00e7\u00f5es pelos 204 anos da Independ\u00eancia do Brasil. As comemora\u00e7\u00f5es acontecem at\u00e9 a pr\u00f3xima sexta-feira (4), na Pra\u00e7a Bar\u00e3o de Penedo, espa\u00e7o que concentra os poderes Executivo e Legislativo do munic\u00edpio. &nbsp; Neste primeiro dia da Semana da &hellip;<\/p>\n","protected":false},"author":2,"featured_media":38688,"comment_status":"open","ping_status":"open","sticky":false,"template":"","format":"standard","meta":{"_jetpack_newsletter_access":"","_jetpack_dont_email_post_to_subs":false,"_jetpack_newsletter_tier_id":0,"_jetpack_memberships_contains_paywalled_content":false,"_jetpack_memberships_contains_paid_content":false,"footnotes":""},"categories":[1,3],"tags":[],"class_list":["post-38687","post","type-post","status-publish","format-standard","has-post-thumbnail","hentry","category-destaque","category-penedo"],"jetpack_sharing_enabled":true,"jetpack_featured_media_url":"https:\/\/www.oparanews.com.br\/wp-content\/uploads\/2026\/09\/IMG_7738.jpg","_links":{"self":[{"href":"https:\/\/www.oparanews.com.br\/index.php\/wp-json\/wp\/v2\/posts\/38687","targetHints":{"allow":["GET"]}}],"collection":[{"href":"https:\/\/www.oparanews.com.br\/index.php\/wp-json\/wp\/v2\/posts"}],"about":[{"href":"https:\/\/www.oparanews.com.br\/index.php\/wp-json\/wp\/v2\/types\/post"}],"author":[{"embeddable":true,"href":"https:\/\/www.oparanews.com.br\/index.php\/wp-json\/wp\/v2\/users\/2"}],"replies":[{"embeddable":true,"href":"https:\/\/www.oparanews.com.br\/index.php\/wp-json\/wp\/v2\/comments?post=38687"}],"version-history":[{"count":1,"href":"https:\/\/www.oparanews.com.br\/index.php\/wp-json\/wp\/v2\/posts\/38687\/revisions"}],"predecessor-version":[{"id":38689,"href":"https:\/\/www.oparanews.com.br\/index.php\/wp-json\/wp\/v2\/posts\/38687\/revisions\/38689"}],"wp:featuredmedia":[{"embeddable":true,"href":"https:\/\/www.oparanews.com.br\/index.php\/wp-json\/wp\/v2\/media\/38688"}],"wp:attachment":[{"href":"https:\/\/www.oparanews.com.br\/index.php\/wp-json\/wp\/v2\/media?parent=38687"}],"wp:term":[{"taxonomy":"category","embeddable":true,"href":"https:\/\/www.oparanews.com.br\/index.php\/wp-json\/wp\/v2\/categories?post=38687"},{"taxonomy":"post_tag","embeddable":true,"href":"https:\/\/www.oparanews.com.br\/index.php\/wp-json\/wp\/v2\/tags?post=38687"}],"curies":[{"name":"wp","href":"https:\/\/api.w.org\/{rel}","templated":true}]}}