{"id":38697,"date":"2026-09-02T15:55:36","date_gmt":"2026-09-02T18:55:36","guid":{"rendered":"https:\/\/www.oparanews.com.br\/?p=38697"},"modified":"2026-09-02T15:55:36","modified_gmt":"2026-09-02T18:55:36","slug":"instituto-penedo-previdencia-convoca-aposentados-e-pensionistas-para-prova-de-vida","status":"publish","type":"post","link":"https:\/\/www.oparanews.com.br\/index.php\/2026\/09\/02\/instituto-penedo-previdencia-convoca-aposentados-e-pensionistas-para-prova-de-vida\/","title":{"rendered":"Instituto Penedo Previd\u00eancia convoca aposentados e pensionistas para prova de vida"},"content":{"rendered":"<p>O Instituto de Previd\u00eancia dos Servidores P\u00fablicos do Munic\u00edpio de Penedo \u2013\u00a0Penedo Previd\u00eancia convoca todos aposentados e pensionistas para a realiza\u00e7\u00e3o da prova de vida 2026.<\/p>\n<p>&nbsp;<\/p>\n<p>O procedimento \u00e9 obrigat\u00f3rio e fundamental para garantir a manuten\u00e7\u00e3o dos dados cadastrais e o pagamento ininterrupto dos benef\u00edcios previdenci\u00e1rios de trabalhadores e trabalhadoras da Prefeitura de Penedo que n\u00e3o est\u00e3o mais em atividade no servi\u00e7o p\u00fablico municipal.<\/p>\n<p>&nbsp;<\/p>\n<p>O per\u00edodo para o cumprimento da obriga\u00e7\u00e3o ser\u00e1 de 02 a 17 de setembro de 2026 e para garantir a comodidade dos benefici\u00e1rios, otimizando o atendimento, a prova de vida pode ser realizada de tr\u00eas formas:<\/p>\n<p>&nbsp;<\/p>\n<ul>\n<li><strong> Pelo QR Code:<\/strong>Basta apontar a c\u00e2mera do celular para o<a href=\"https:\/\/www.instagram.com\/p\/DcxC4ICNR9n\/?igsi=MTN4eHIwZG9oNTFseg%3D%3D\"><strong>\u00a0c\u00f3digo QR dispon\u00edvel neste link<\/strong><\/a>. Voc\u00ea ser\u00e1 direcionado ao sistema MinhaPrev, onde poder\u00e1 acessar ou instalar o aplicativo e iniciar sua Prova de Vida<\/li>\n<li><strong> Pelo Aplicativo:<\/strong>O servi\u00e7o est\u00e1 acess\u00edvel no aplicativo Minha Prev, dispon\u00edvel para smartphones nos sistemas Android e Apple (iOS). Confira tutorial simples e r\u00e1pido no v\u00eddeo abaixo:<\/li>\n<\/ul>\n<div style=\"width: 576px;\" class=\"wp-video\"><video class=\"wp-video-shortcode\" id=\"video-38697-1\" width=\"576\" height=\"1072\" preload=\"metadata\" controls=\"controls\"><source type=\"video\/mp4\" src=\"http:\/\/www.oparanews.com.br\/wp-content\/uploads\/2026\/09\/tutorial-monha-prev.mp4?_=1\" \/><a href=\"http:\/\/www.oparanews.com.br\/wp-content\/uploads\/2026\/09\/tutorial-monha-prev.mp4\">http:\/\/www.oparanews.com.br\/wp-content\/uploads\/2026\/09\/tutorial-monha-prev.mp4<\/a><\/video><\/div>\n<p>&nbsp;<\/p>\n<ul>\n<li><strong> Presencialmente:<\/strong>Os segurados que preferirem atendimento pessoal podem comparecer \u00e0 sede do Penedo Previd\u00eancia, localizada na Av. Floriano Peixoto, n\u00ba 28, Centro Hist\u00f3rico.<\/li>\n<\/ul>\n<p>&nbsp;<\/p>\n<p>A administra\u00e7\u00e3o do Penedo Previd\u00eancia orienta a todos os aposentados e pensionistas que n\u00e3o deixem a regulariza\u00e7\u00e3o para a \u00faltima hora. A realiza\u00e7\u00e3o do recadastramento dentro do prazo estabelecido \u00e9 a \u00fanica garantia de manter todos os direitos previdenci\u00e1rios e pagamentos em dia.<\/p>\n<p>&nbsp;<\/p>\n<p>Em caso de d\u00favidas ou para mais informa\u00e7\u00f5es, os segurados podem entrar em contato com a equipe de atendimento do instituto atrav\u00e9s dos canais oficiais do\u00a0Instituto de Previd\u00eancia dos Servidores P\u00fablicos do Munic\u00edpio de Penedo.<\/p>\n<p>&nbsp;<\/p>\n<p>Os meios dispon\u00edveis para suporte s\u00e3o o WhatsApp pelo n\u00famero (82) 99135-2015, o perfil no Instagram @previdenciapenedo e o e-mail oficial\u00a0<a href=\"mailto:penedoprevcomunicacao@gmail.com\">penedoprevcomunicacao@gmail.com<\/a><\/p>\n<p><strong>\u00a0<\/strong><\/p>\n<p><strong>\u00a0<\/strong><\/p>\n<p>&nbsp;<\/p>\n<p><strong>Por Secom com assessoria Penedo Previd\u00eancia<\/strong><\/p>\n<p>&nbsp;<\/p>\n","protected":false},"excerpt":{"rendered":"<p>O Instituto de Previd\u00eancia dos Servidores P\u00fablicos do Munic\u00edpio de Penedo \u2013\u00a0Penedo Previd\u00eancia convoca todos aposentados e pensionistas para a realiza\u00e7\u00e3o da prova de vida 2026. &nbsp; O procedimento \u00e9 obrigat\u00f3rio e fundamental para garantir a manuten\u00e7\u00e3o dos dados cadastrais e o pagamento ininterrupto dos benef\u00edcios previdenci\u00e1rios de trabalhadores e trabalhadoras da Prefeitura de Penedo &hellip;<\/p>\n","protected":false},"author":2,"featured_media":38698,"comment_status":"open","ping_status":"open","sticky":false,"template":"","format":"standard","meta":{"_jetpack_newsletter_access":"","_jetpack_dont_email_post_to_subs":false,"_jetpack_newsletter_tier_id":0,"_jetpack_memberships_contains_paywalled_content":false,"_jetpack_memberships_contains_paid_content":false,"footnotes":""},"categories":[1,3],"tags":[],"class_list":["post-38697","post","type-post","status-publish","format-standard","has-post-thumbnail","hentry","category-destaque","category-penedo"],"jetpack_sharing_enabled":true,"jetpack_featured_media_url":"https:\/\/www.oparanews.com.br\/wp-content\/uploads\/2026\/09\/Sem-titulo.png","_links":{"self":[{"href":"https:\/\/www.oparanews.com.br\/index.php\/wp-json\/wp\/v2\/posts\/38697","targetHints":{"allow":["GET"]}}],"collection":[{"href":"https:\/\/www.oparanews.com.br\/index.php\/wp-json\/wp\/v2\/posts"}],"about":[{"href":"https:\/\/www.oparanews.com.br\/index.php\/wp-json\/wp\/v2\/types\/post"}],"author":[{"embeddable":true,"href":"https:\/\/www.oparanews.com.br\/index.php\/wp-json\/wp\/v2\/users\/2"}],"replies":[{"embeddable":true,"href":"https:\/\/www.oparanews.com.br\/index.php\/wp-json\/wp\/v2\/comments?post=38697"}],"version-history":[{"count":1,"href":"https:\/\/www.oparanews.com.br\/index.php\/wp-json\/wp\/v2\/posts\/38697\/revisions"}],"predecessor-version":[{"id":38700,"href":"https:\/\/www.oparanews.com.br\/index.php\/wp-json\/wp\/v2\/posts\/38697\/revisions\/38700"}],"wp:featuredmedia":[{"embeddable":true,"href":"https:\/\/www.oparanews.com.br\/index.php\/wp-json\/wp\/v2\/media\/38698"}],"wp:attachment":[{"href":"https:\/\/www.oparanews.com.br\/index.php\/wp-json\/wp\/v2\/media?parent=38697"}],"wp:term":[{"taxonomy":"category","embeddable":true,"href":"https:\/\/www.oparanews.com.br\/index.php\/wp-json\/wp\/v2\/categories?post=38697"},{"taxonomy":"post_tag","embeddable":true,"href":"https:\/\/www.oparanews.com.br\/index.php\/wp-json\/wp\/v2\/tags?post=38697"}],"curies":[{"name":"wp","href":"https:\/\/api.w.org\/{rel}","templated":true}]}}