{"id":38701,"date":"2026-09-02T16:51:21","date_gmt":"2026-09-02T19:51:21","guid":{"rendered":"https:\/\/www.oparanews.com.br\/?p=38701"},"modified":"2026-09-02T16:51:21","modified_gmt":"2026-09-02T19:51:21","slug":"motorista-da-prefeitura-de-feira-grande-e-denunciado-por-importunacao-sexual-contra-passageira","status":"publish","type":"post","link":"https:\/\/www.oparanews.com.br\/index.php\/2026\/09\/02\/motorista-da-prefeitura-de-feira-grande-e-denunciado-por-importunacao-sexual-contra-passageira\/","title":{"rendered":"Motorista da Prefeitura de Feira Grande \u00e9 denunciado por importuna\u00e7\u00e3o sexual contra passageira"},"content":{"rendered":"<p>Um motorista da Prefeitura de Feira Grande, no Agreste de Alagoas, foi denunciado pelo Minist\u00e9rio P\u00fablico de Alagoas (MPAL) por pr\u00e1tica de importuna\u00e7\u00e3o sexual contra uma passageira.<\/p>\n<p>&nbsp;<\/p>\n<p>De acordo com a den\u00fancia, Aldemir da Silva teria feito \u00e0 v\u00edtima coment\u00e1rios e propostas de natureza sexual e realizado contatos f\u00edsicos, mesmo ap\u00f3s demonstra\u00e7\u00f5es de rejei\u00e7\u00e3o. Segundo o MPAL, o homem tamb\u00e9m teria importunado outras mulheres.<\/p>\n<p>&nbsp;<\/p>\n<p>No momento do ocorrido, a mulher utilizava o servi\u00e7o de transporte para se deslocar at\u00e9 uma unidade de sa\u00fade onde realizava tratamento.<\/p>\n<p>&nbsp;<\/p>\n<p>O promotor do caso, Lucas Schitini, solicitou \u00e0 Justi\u00e7a a pris\u00e3o preventiva do acusado, al\u00e9m da perda do cargo p\u00fablico e do pagamento de R$ 10 mil por danos morais \u00e0 v\u00edtima.<\/p>\n<p>&nbsp;<\/p>\n<p>Ainda de acordo com Schitini, a den\u00fancia possui registros audiovisuais que podem contribuir para a apura\u00e7\u00e3o dos fatos.<\/p>\n<p>&nbsp;<\/p>\n<p>O processo tramita sob segredo de Justi\u00e7a e aguarda decis\u00e3o do Poder Judici\u00e1rio.<\/p>\n<p>&nbsp;<\/p>\n<p>&nbsp;<\/p>\n<p><strong>Fonte: Gazetaweb<\/strong><\/p>\n<p>&nbsp;<\/p>\n","protected":false},"excerpt":{"rendered":"<p>Um motorista da Prefeitura de Feira Grande, no Agreste de Alagoas, foi denunciado pelo Minist\u00e9rio P\u00fablico de Alagoas (MPAL) por pr\u00e1tica de importuna\u00e7\u00e3o sexual contra uma passageira. &nbsp; De acordo com a den\u00fancia, Aldemir da Silva teria feito \u00e0 v\u00edtima coment\u00e1rios e propostas de natureza sexual e realizado contatos f\u00edsicos, mesmo ap\u00f3s demonstra\u00e7\u00f5es de rejei\u00e7\u00e3o. &hellip;<\/p>\n","protected":false},"author":2,"featured_media":38702,"comment_status":"open","ping_status":"open","sticky":false,"template":"","format":"standard","meta":{"_jetpack_newsletter_access":"","_jetpack_dont_email_post_to_subs":false,"_jetpack_newsletter_tier_id":0,"_jetpack_memberships_contains_paywalled_content":false,"_jetpack_memberships_contains_paid_content":false,"footnotes":""},"categories":[4],"tags":[],"class_list":["post-38701","post","type-post","status-publish","format-standard","has-post-thumbnail","hentry","category-alagoas"],"jetpack_sharing_enabled":true,"jetpack_featured_media_url":"https:\/\/www.oparanews.com.br\/wp-content\/uploads\/2026\/09\/motorista-da-prefeitura-de-feira-grande-e-denuncia-00933248-e2b1453bb213ab2fdfaac35b21f228cf-7.webp","_links":{"self":[{"href":"https:\/\/www.oparanews.com.br\/index.php\/wp-json\/wp\/v2\/posts\/38701","targetHints":{"allow":["GET"]}}],"collection":[{"href":"https:\/\/www.oparanews.com.br\/index.php\/wp-json\/wp\/v2\/posts"}],"about":[{"href":"https:\/\/www.oparanews.com.br\/index.php\/wp-json\/wp\/v2\/types\/post"}],"author":[{"embeddable":true,"href":"https:\/\/www.oparanews.com.br\/index.php\/wp-json\/wp\/v2\/users\/2"}],"replies":[{"embeddable":true,"href":"https:\/\/www.oparanews.com.br\/index.php\/wp-json\/wp\/v2\/comments?post=38701"}],"version-history":[{"count":1,"href":"https:\/\/www.oparanews.com.br\/index.php\/wp-json\/wp\/v2\/posts\/38701\/revisions"}],"predecessor-version":[{"id":38703,"href":"https:\/\/www.oparanews.com.br\/index.php\/wp-json\/wp\/v2\/posts\/38701\/revisions\/38703"}],"wp:featuredmedia":[{"embeddable":true,"href":"https:\/\/www.oparanews.com.br\/index.php\/wp-json\/wp\/v2\/media\/38702"}],"wp:attachment":[{"href":"https:\/\/www.oparanews.com.br\/index.php\/wp-json\/wp\/v2\/media?parent=38701"}],"wp:term":[{"taxonomy":"category","embeddable":true,"href":"https:\/\/www.oparanews.com.br\/index.php\/wp-json\/wp\/v2\/categories?post=38701"},{"taxonomy":"post_tag","embeddable":true,"href":"https:\/\/www.oparanews.com.br\/index.php\/wp-json\/wp\/v2\/tags?post=38701"}],"curies":[{"name":"wp","href":"https:\/\/api.w.org\/{rel}","templated":true}]}}