{"id":38704,"date":"2026-09-02T16:54:32","date_gmt":"2026-09-02T19:54:32","guid":{"rendered":"https:\/\/www.oparanews.com.br\/?p=38704"},"modified":"2026-09-02T16:54:32","modified_gmt":"2026-09-02T19:54:32","slug":"trabalhadores-dos-correios-fazem-protesto-em-maceio-e-ameacam-greve-a-partir-do-dia-10","status":"publish","type":"post","link":"https:\/\/www.oparanews.com.br\/index.php\/2026\/09\/02\/trabalhadores-dos-correios-fazem-protesto-em-maceio-e-ameacam-greve-a-partir-do-dia-10\/","title":{"rendered":"Trabalhadores dos Correios fazem protesto em Macei\u00f3 e amea\u00e7am greve a partir do dia 10"},"content":{"rendered":"<p>Trabalhadores dos Correios realizam, na manh\u00e3 desta quarta-feira (2), um ato de protesto em Macei\u00f3 e amea\u00e7am iniciar uma greve geral a partir do dia 10 de setembro, caso as negocia\u00e7\u00f5es do Acordo Coletivo de Trabalho n\u00e3o avancem. A manifesta\u00e7\u00e3o \u00e9 organizada pelo Sindicato dos Trabalhadores dos Correios em Alagoas (SINTECT-AL) e acontece em frente ao Centro de Tratamento de Cartas e Encomendas (CTCE), no Distrito Industrial Luiz Cavalcante, no bairro do Tabuleiro do Martins.<\/p>\n<p>&nbsp;<\/p>\n<p>A mobiliza\u00e7\u00e3o ocorre em sintonia com atos realizados pela categoria em outras partes do pa\u00eds e tem como objetivo pressionar a dire\u00e7\u00e3o dos Correios por avan\u00e7os nas negocia\u00e7\u00f5es da Campanha Salarial, al\u00e9m de denunciar o que o sindicato classifica como &#8220;sucateamento da empresa&#8221;.<\/p>\n<p>&nbsp;<\/p>\n<p>Uma das principais cr\u00edticas \u00e9 direcionada \u00e0 proposta de reajuste salarial apresentada pela dire\u00e7\u00e3o dos Correios. Segundo o SINTECT-AL, enquanto a infla\u00e7\u00e3o considerada pela categoria \u00e9 de 4,35%, a empresa ofereceu reajuste de apenas 0,87% aos trabalhadores.<\/p>\n<p>&nbsp;<\/p>\n<p>Para o sindicato, o percentual n\u00e3o recomp\u00f5e as perdas salariais e representa desvaloriza\u00e7\u00e3o dos profissionais respons\u00e1veis pela manuten\u00e7\u00e3o dos servi\u00e7os postais.<\/p>\n<p>&nbsp;<\/p>\n<p>A categoria tamb\u00e9m protesta contra o fechamento de ag\u00eancias dos Correios. Segundo o sindicato, a redu\u00e7\u00e3o das unidades pode provocar demiss\u00f5es, comprometer postos de trabalho e dificultar o acesso da popula\u00e7\u00e3o aos servi\u00e7os postais, al\u00e9m de precarizar o atendimento.<\/p>\n<p data-intext-processed=\"true\"><span style=\"font-style: inherit; font-weight: inherit;\">Entre as reivindica\u00e7\u00f5es apresentadas durante o ato est\u00e3o a sa\u00edda imediata do presidente dos Correios, Emanoel Rondon, a valoriza\u00e7\u00e3o salarial, a defesa dos empregos e a manuten\u00e7\u00e3o das ag\u00eancias e dos servi\u00e7os oferecidos pela estatal.<\/span><\/p>\n<p>&nbsp;<\/p>\n<p><strong>AMEA\u00c7A DE GREVE<\/strong><\/p>\n<p>&nbsp;<\/p>\n<p data-intext-processed=\"true\"><span style=\"font-style: inherit; font-weight: inherit;\">O protesto desta quarta-feira tamb\u00e9m funciona como um alerta \u00e0 dire\u00e7\u00e3o. De acordo com o SINTECT-AL, caso n\u00e3o haja avan\u00e7o nas negocia\u00e7\u00f5es, a categoria poder\u00e1 iniciar uma greve geral a partir de 10 de setembro.<\/span><\/p>\n<p>&nbsp;<\/p>\n<p>O presidente do SINTECT-AL, Alysson Guerreiro, afirmou que a mobiliza\u00e7\u00e3o busca demonstrar a insatisfa\u00e7\u00e3o dos trabalhadores com a atual condu\u00e7\u00e3o da empresa.<\/p>\n<p>&nbsp;<\/p>\n<p><span style=\"font-style: inherit; font-weight: inherit;\">\u201cHoje os trabalhadores dos Correios de Alagoas est\u00e3o nas ruas para dar um recado claro \u00e0 dire\u00e7\u00e3o da empresa: n\u00e3o vamos aceitar o sucateamento dos Correios nem o desrespeito \u00e0 nossa categoria\u201d, afirmou.<\/span><\/p>\n<p>&nbsp;<\/p>\n<p><span style=\"font-style: inherit; font-weight: inherit;\">Guerreiro tamb\u00e9m criticou o reajuste proposto pela empresa e destacou a diferen\u00e7a em rela\u00e7\u00e3o \u00e0 infla\u00e7\u00e3o.<\/span><\/p>\n<p>&nbsp;<\/p>\n<p><span style=\"font-style: inherit; font-weight: inherit;\">\u201c\u00c9 inadmiss\u00edvel que, com uma infla\u00e7\u00e3o de 4,35%, a empresa apresente um reajuste de apenas 0,87%. Isso representa perda salarial e demonstra total falta de valoriza\u00e7\u00e3o dos trabalhadores que mant\u00eam o servi\u00e7o postal funcionando em todo o pa\u00eds\u201d, declarou.<\/span><\/p>\n<p>&nbsp;<\/p>\n<p><span style=\"font-style: inherit; font-weight: inherit;\">Sobre o fechamento de ag\u00eancias, o sindicalista afirmou que a medida representa uma amea\u00e7a aos empregos e ao atendimento oferecido \u00e0 popula\u00e7\u00e3o.<\/span><\/p>\n<p>&nbsp;<\/p>\n<p data-intext-processed=\"true\"><span style=\"font-style: inherit; font-weight: inherit;\">\u201cTamb\u00e9m denunciamos o fechamento de ag\u00eancias, que amea\u00e7a empregos, reduz o atendimento \u00e0 popula\u00e7\u00e3o e enfraquece uma empresa p\u00fablica essencial para os brasileiros. Nossa luta \u00e9 pela valoriza\u00e7\u00e3o dos trabalhadores, defesa dos postos de trabalho e preserva\u00e7\u00e3o dos Correios como patrim\u00f4nio do povo\u201d, completou.<\/span><\/p>\n<p>O sindicato afirma que continuar\u00e1 acompanhando as negocia\u00e7\u00f5es e que novas mobiliza\u00e7\u00f5es poder\u00e3o ocorrer caso n\u00e3o haja avan\u00e7o nas tratativas entre os trabalhadores e a dire\u00e7\u00e3o.<\/p>\n<p>&nbsp;<\/p>\n<p><strong>CONFIRA, NA \u00cdNTEGRA, NOTA DOS CORREIOS<\/strong><\/p>\n<p>&nbsp;<\/p>\n<p><em>Os Correios ingressaram com pedido de media\u00e7\u00e3o do Tribunal Superior do Trabalho (TST) para a defini\u00e7\u00e3o do Acordo Coletivo de Trabalho 2026\/2027.<\/em><\/p>\n<p>&nbsp;<\/p>\n<p><em>A atual gest\u00e3o dos Correios busca uma solu\u00e7\u00e3o que concilie a sustentabilidade econ\u00f4mico-financeira da estatal, com a preserva\u00e7\u00e3o dos direitos dos empregados e a continuidade dos servi\u00e7os prestados \u00e0 sociedade.<\/em><\/p>\n<p>&nbsp;<\/p>\n<p><em>Nos meses de julho e agosto, a diretoria-executiva se reuniu com as representa\u00e7\u00f5es sindicais e com os\/as empregados\/as para demonstrar a grav\u00edssima situa\u00e7\u00e3o econ\u00f4mica da estatal. Dentro das condi\u00e7\u00f5es poss\u00edveis, a empresa prop\u00f4s a manuten\u00e7\u00e3o de 56 cl\u00e1usulas, na \u00edntegra, e de outras 21, com ajustes textuais.<\/em><\/p>\n<p>&nbsp;<\/p>\n<p><em>Entre as garantias mantidas, que j\u00e1 somam mais de R$ 60 milh\u00f5es por ano, est\u00e3o aux\u00edlio para empregados e dependentes com defici\u00eancia, prorroga\u00e7\u00e3o da licen\u00e7a-maternidade, licen\u00e7a-paternidade estendida e acompanhamento de familiares para tratamento de sa\u00fade.<\/em><\/p>\n<p><em>Opera\u00e7\u00e3o \u2013 A rede de atendimento, tratamento e distribui\u00e7\u00e3o segue funcionando normalmente em todo o pa\u00eds e os servi\u00e7os, inclusive SEDEX e PAC, continuam sendo postados e entregues em todos os munic\u00edpios. Cabe destacar que, no m\u00eas de agosto, o \u00edndice de entregas no prazo alcan\u00e7ou 97%. Nos estados de S\u00e3o Paulo, Rio de Janeiro, Paran\u00e1 e Minas Gerais, o \u00edndice passou dos 98%.<\/em><\/p>\n<p><em>Esse salto de efici\u00eancia \u00e9 resultado direto da otimiza\u00e7\u00e3o da infraestrutura log\u00edstica e das escalas de trabalho, que permitiram \u00e0 estatal processar volumes crescentes de encomendas com maior agilidade e precis\u00e3o, reafirmando a confiabilidade da empresa como o principal bra\u00e7o log\u00edstico do pa\u00eds.<\/em><\/p>\n<p>&nbsp;<\/p>\n<p>&nbsp;<\/p>\n<p><strong>Fonte: Gazetaweb<\/strong><\/p>\n<p>&nbsp;<\/p>\n","protected":false},"excerpt":{"rendered":"<p>Trabalhadores dos Correios realizam, na manh\u00e3 desta quarta-feira (2), um ato de protesto em Macei\u00f3 e amea\u00e7am iniciar uma greve geral a partir do dia 10 de setembro, caso as negocia\u00e7\u00f5es do Acordo Coletivo de Trabalho n\u00e3o avancem. A manifesta\u00e7\u00e3o \u00e9 organizada pelo Sindicato dos Trabalhadores dos Correios em Alagoas (SINTECT-AL) e acontece em frente &hellip;<\/p>\n","protected":false},"author":2,"featured_media":38705,"comment_status":"open","ping_status":"open","sticky":false,"template":"","format":"standard","meta":{"_jetpack_newsletter_access":"","_jetpack_dont_email_post_to_subs":false,"_jetpack_newsletter_tier_id":0,"_jetpack_memberships_contains_paywalled_content":false,"_jetpack_memberships_contains_paid_content":false,"footnotes":""},"categories":[4],"tags":[],"class_list":["post-38704","post","type-post","status-publish","format-standard","has-post-thumbnail","hentry","category-alagoas"],"jetpack_sharing_enabled":true,"jetpack_featured_media_url":"https:\/\/www.oparanews.com.br\/wp-content\/uploads\/2026\/09\/trabalhadores-dos-correios-fazem-protesto-em-macei-00933188-bd03451e7159e4318ac0034ff121db79-7.webp","_links":{"self":[{"href":"https:\/\/www.oparanews.com.br\/index.php\/wp-json\/wp\/v2\/posts\/38704","targetHints":{"allow":["GET"]}}],"collection":[{"href":"https:\/\/www.oparanews.com.br\/index.php\/wp-json\/wp\/v2\/posts"}],"about":[{"href":"https:\/\/www.oparanews.com.br\/index.php\/wp-json\/wp\/v2\/types\/post"}],"author":[{"embeddable":true,"href":"https:\/\/www.oparanews.com.br\/index.php\/wp-json\/wp\/v2\/users\/2"}],"replies":[{"embeddable":true,"href":"https:\/\/www.oparanews.com.br\/index.php\/wp-json\/wp\/v2\/comments?post=38704"}],"version-history":[{"count":1,"href":"https:\/\/www.oparanews.com.br\/index.php\/wp-json\/wp\/v2\/posts\/38704\/revisions"}],"predecessor-version":[{"id":38706,"href":"https:\/\/www.oparanews.com.br\/index.php\/wp-json\/wp\/v2\/posts\/38704\/revisions\/38706"}],"wp:featuredmedia":[{"embeddable":true,"href":"https:\/\/www.oparanews.com.br\/index.php\/wp-json\/wp\/v2\/media\/38705"}],"wp:attachment":[{"href":"https:\/\/www.oparanews.com.br\/index.php\/wp-json\/wp\/v2\/media?parent=38704"}],"wp:term":[{"taxonomy":"category","embeddable":true,"href":"https:\/\/www.oparanews.com.br\/index.php\/wp-json\/wp\/v2\/categories?post=38704"},{"taxonomy":"post_tag","embeddable":true,"href":"https:\/\/www.oparanews.com.br\/index.php\/wp-json\/wp\/v2\/tags?post=38704"}],"curies":[{"name":"wp","href":"https:\/\/api.w.org\/{rel}","templated":true}]}}