{"id":38707,"date":"2026-09-02T16:57:33","date_gmt":"2026-09-02T19:57:33","guid":{"rendered":"https:\/\/www.oparanews.com.br\/?p=38707"},"modified":"2026-09-02T16:57:33","modified_gmt":"2026-09-02T19:57:33","slug":"professor-acusado-de-comparar-aluno-negro-a-chimpanze-vai-a-julgamento-em-maceio","status":"publish","type":"post","link":"https:\/\/www.oparanews.com.br\/index.php\/2026\/09\/02\/professor-acusado-de-comparar-aluno-negro-a-chimpanze-vai-a-julgamento-em-maceio\/","title":{"rendered":"Professor acusado de comparar aluno negro a chimpanz\u00e9 vai a julgamento em Macei\u00f3"},"content":{"rendered":"<p>A Justi\u00e7a de Alagoas ouve, na manh\u00e3 desta quarta-feira (2), o\u00a0<a href=\"https:\/\/www.gazetaweb.com\/noticias\/policia\/professor-e-indiciado-apos-comparar-aluno-a-chimpanze-em-escola-de-maceio-887073\" data-rel-defined=\"\">professor acusado de inj\u00faria racial<\/a>\u00a0contra um aluno negro durante uma aula em uma escola particular localizada no Benedito Bentes, em Macei\u00f3. O epis\u00f3dio aconteceu em mar\u00e7o deste ano e ganhou repercuss\u00e3o ap\u00f3s imagens do circuito interno da institui\u00e7\u00e3o serem divulgadas.<\/p>\n<p>&nbsp;<\/p>\n<p>A audi\u00eancia de instru\u00e7\u00e3o ser\u00e1 realizada na 14\u00aa Vara Criminal, no F\u00f3rum do Barro Duro. Durante a sess\u00e3o, ser\u00e3o ouvidas as testemunhas de acusa\u00e7\u00e3o e defesa, al\u00e9m da v\u00edtima e do professor acusado.<\/p>\n<p>&nbsp;<\/p>\n<p>Ap\u00f3s a fase de depoimentos, as partes dever\u00e3o apresentar seus argumentos por meio de sustenta\u00e7\u00e3o oral. Em seguida, o juiz respons\u00e1vel pelo processo poder\u00e1 proferir a senten\u00e7a, caso entenda que j\u00e1 existem elementos suficientes para uma decis\u00e3o.<\/p>\n<p>&nbsp;<\/p>\n<p>O caso veio a p\u00fablico ap\u00f3s a divulga\u00e7\u00e3o de imagens das c\u00e2meras de seguran\u00e7a da escola. No v\u00eddeo, um aluno aparece segurando um caderno que trazia a imagem de um chimpanz\u00e9. Na sequ\u00eancia, o professor pega o material e aponta para um estudante negro da turma.<\/p>\n<p>&nbsp;<\/p>\n<p>Logo depois, outros alunos aparecem rindo. As imagens n\u00e3o possuem \u00e1udio, mas registram o gesto realizado pelo docente.<\/p>\n<p>&nbsp;<\/p>\n<p data-intext-processed=\"true\"><span style=\"font-style: inherit; font-weight: inherit;\">Segundo o pai do estudante, Paulo Jorge, o filho chegou em casa abalado no dia do epis\u00f3dio e contou \u00e0 fam\u00edlia o que havia acontecido em sala de aula.<\/span><\/p>\n<p>&nbsp;<\/p>\n<p>&nbsp;<\/p>\n<p><strong>INDICIAMENTO<\/strong><\/p>\n<p><strong>\u00a0<\/strong><\/p>\n<p>&nbsp;<\/p>\n<p data-intext-processed=\"true\"><span style=\"font-style: inherit; font-weight: inherit;\">A Pol\u00edcia Civil de Alagoas (PCAL) concluiu a investiga\u00e7\u00e3o em menos de 30 dias e indiciou o professor por inj\u00faria racial. Durante o inqu\u00e9rito, foram colhidos depoimentos de testemunhas e alunos, al\u00e9m da an\u00e1lise das imagens do circuito interno da escola.<\/span><\/p>\n<p>&nbsp;<\/p>\n<p>&nbsp;<\/p>\n<p>De acordo com a delegada Rebeca Cordeiro, respons\u00e1vel pela investiga\u00e7\u00e3o, embora as imagens n\u00e3o tenham \u00e1udio, elas foram consideradas uma importante prova material do caso por registrarem a a\u00e7\u00e3o atribu\u00edda ao professor e a rea\u00e7\u00e3o dos estudantes.<\/p>\n<p>&nbsp;<\/p>\n<p><span style=\"font-style: inherit; font-weight: inherit;\">O crime de inj\u00faria racial est\u00e1 previsto na Lei n\u00ba 7.716\/1989. A legisla\u00e7\u00e3o estabelece pena de dois a cinco anos de reclus\u00e3o e multa, al\u00e9m de prever agravantes em determinadas circunst\u00e2ncias.<\/span><\/p>\n<p>&nbsp;<\/p>\n<p><span style=\"font-style: inherit; font-weight: inherit;\">Durante a investiga\u00e7\u00e3o, a Pol\u00edcia Civil tamb\u00e9m ressaltou que a alega\u00e7\u00e3o de que uma conduta racista teria ocorrido como \u201cbrincadeira\u201d n\u00e3o afasta automaticamente a possibilidade de responsabiliza\u00e7\u00e3o criminal.<\/span><\/p>\n<p>&nbsp;<\/p>\n<p>&nbsp;<\/p>\n<p><strong>Fonte: Gazetaweb<\/strong><\/p>\n<p>&nbsp;<\/p>\n","protected":false},"excerpt":{"rendered":"<p>A Justi\u00e7a de Alagoas ouve, na manh\u00e3 desta quarta-feira (2), o\u00a0professor acusado de inj\u00faria racial\u00a0contra um aluno negro durante uma aula em uma escola particular localizada no Benedito Bentes, em Macei\u00f3. O epis\u00f3dio aconteceu em mar\u00e7o deste ano e ganhou repercuss\u00e3o ap\u00f3s imagens do circuito interno da institui\u00e7\u00e3o serem divulgadas. &nbsp; A audi\u00eancia de instru\u00e7\u00e3o &hellip;<\/p>\n","protected":false},"author":2,"featured_media":38708,"comment_status":"open","ping_status":"open","sticky":false,"template":"","format":"standard","meta":{"_jetpack_newsletter_access":"","_jetpack_dont_email_post_to_subs":false,"_jetpack_newsletter_tier_id":0,"_jetpack_memberships_contains_paywalled_content":false,"_jetpack_memberships_contains_paid_content":false,"footnotes":""},"categories":[4],"tags":[],"class_list":["post-38707","post","type-post","status-publish","format-standard","has-post-thumbnail","hentry","category-alagoas"],"jetpack_sharing_enabled":true,"jetpack_featured_media_url":"https:\/\/www.oparanews.com.br\/wp-content\/uploads\/2026\/09\/justica-ouve-professor-acusado-de-comparar-aluno-n-00933185-331d6ca0a87948842b1540f2a62478f7-7.webp","_links":{"self":[{"href":"https:\/\/www.oparanews.com.br\/index.php\/wp-json\/wp\/v2\/posts\/38707","targetHints":{"allow":["GET"]}}],"collection":[{"href":"https:\/\/www.oparanews.com.br\/index.php\/wp-json\/wp\/v2\/posts"}],"about":[{"href":"https:\/\/www.oparanews.com.br\/index.php\/wp-json\/wp\/v2\/types\/post"}],"author":[{"embeddable":true,"href":"https:\/\/www.oparanews.com.br\/index.php\/wp-json\/wp\/v2\/users\/2"}],"replies":[{"embeddable":true,"href":"https:\/\/www.oparanews.com.br\/index.php\/wp-json\/wp\/v2\/comments?post=38707"}],"version-history":[{"count":1,"href":"https:\/\/www.oparanews.com.br\/index.php\/wp-json\/wp\/v2\/posts\/38707\/revisions"}],"predecessor-version":[{"id":38709,"href":"https:\/\/www.oparanews.com.br\/index.php\/wp-json\/wp\/v2\/posts\/38707\/revisions\/38709"}],"wp:featuredmedia":[{"embeddable":true,"href":"https:\/\/www.oparanews.com.br\/index.php\/wp-json\/wp\/v2\/media\/38708"}],"wp:attachment":[{"href":"https:\/\/www.oparanews.com.br\/index.php\/wp-json\/wp\/v2\/media?parent=38707"}],"wp:term":[{"taxonomy":"category","embeddable":true,"href":"https:\/\/www.oparanews.com.br\/index.php\/wp-json\/wp\/v2\/categories?post=38707"},{"taxonomy":"post_tag","embeddable":true,"href":"https:\/\/www.oparanews.com.br\/index.php\/wp-json\/wp\/v2\/tags?post=38707"}],"curies":[{"name":"wp","href":"https:\/\/api.w.org\/{rel}","templated":true}]}}