{"id":38710,"date":"2026-09-02T17:02:34","date_gmt":"2026-09-02T20:02:34","guid":{"rendered":"https:\/\/www.oparanews.com.br\/?p=38710"},"modified":"2026-09-02T17:02:34","modified_gmt":"2026-09-02T20:02:34","slug":"oposicao-pede-a-pgr-afastamento-e-prisao-de-moraes","status":"publish","type":"post","link":"https:\/\/www.oparanews.com.br\/index.php\/2026\/09\/02\/oposicao-pede-a-pgr-afastamento-e-prisao-de-moraes\/","title":{"rendered":"Oposi\u00e7\u00e3o pede \u00e0 PGR afastamento e pris\u00e3o de Moraes"},"content":{"rendered":"<p>L\u00edderes de oposi\u00e7\u00e3o no Congresso Nacional protocolaram nesta ter\u00e7a-feira (1\u00ba) um pedido \u00e0 PGR (Procuradoria-Geral da Rep\u00fablica) de afastamento do cargo e pris\u00e3o preventiva do ministro Alexandre de Moraes, do STF (Supremo Tribunal Federal).<\/p>\n<p>&nbsp;<\/p>\n<p>Segundo o texto, a \u201cmanuten\u00e7\u00e3o da liberdade de Alexandre de Moraes possibilita a sua continuidade de viabilizar encontros com altas autoridades pol\u00edticas para abafar ou constranger o avan\u00e7o das investiga\u00e7\u00f5es criminais contra ele\u201d.<\/p>\n<p>&nbsp;<\/p>\n<p>Al\u00e9m de Moraes, os parlamentares tamb\u00e9m protocolaram um outro pedido ao presidente Luiz In\u00e1cio Lula da Silva (PT) em que pedem o afastamento imediato de Andrei Rodrigues, diretor-geral da PF (Pol\u00edcia Federal), do cargo.<\/p>\n<p>&nbsp;<\/p>\n<p>\u201cA manuten\u00e7\u00e3o do delegado Andrei Rodrigues no cargo, enquanto s\u00e3o apuradas mensagens que o relacionam a poss\u00edvel prote\u00e7\u00e3o concedida ou pretendida por Daniel Vorcaro, compromete a credibilidade das investiga\u00e7\u00f5es e cria risco concreto de interfer\u00eancia, ainda que indireta, na preserva\u00e7\u00e3o de documentos, na defini\u00e7\u00e3o de equipes, na ado\u00e7\u00e3o de dilig\u00eancias e no fluxo de informa\u00e7\u00f5es internas\u201d, afirma o trecho do documento.<\/p>\n<p>&nbsp;<\/p>\n<p>Os parlamentares tamb\u00e9m pedem que o presidente do STF, ministro Edson Fachin, que convoque uma sess\u00e3o presencial, p\u00fablica e transparente do plen\u00e1rio para analisar os elementos apresentados pela Pol\u00edcia Federal sobre as poss\u00edveis liga\u00e7\u00f5es entre Moraes e Vorcaro.<\/p>\n<p>&nbsp;<\/p>\n<p><span style=\"font-style: inherit; font-weight: inherit;\">Conforme mostrou a CNN, o ministro Andr\u00e9 Mendon\u00e7a, do STF, pretende levar ao plen\u00e1rio na pr\u00f3xima semana o relat\u00f3rio que aponta liga\u00e7\u00f5es entre Alexandre de Moraes e o banqueiro Daniel Vorcaro, dono do Banco Master.<\/span><\/p>\n<p>&nbsp;<\/p>\n<p>&nbsp;<\/p>\n<p><strong>Fonte: CNN Brasil<\/strong><\/p>\n<p>&nbsp;<\/p>\n","protected":false},"excerpt":{"rendered":"<p>L\u00edderes de oposi\u00e7\u00e3o no Congresso Nacional protocolaram nesta ter\u00e7a-feira (1\u00ba) um pedido \u00e0 PGR (Procuradoria-Geral da Rep\u00fablica) de afastamento do cargo e pris\u00e3o preventiva do ministro Alexandre de Moraes, do STF (Supremo Tribunal Federal). &nbsp; Segundo o texto, a \u201cmanuten\u00e7\u00e3o da liberdade de Alexandre de Moraes possibilita a sua continuidade de viabilizar encontros com altas &hellip;<\/p>\n","protected":false},"author":2,"featured_media":38711,"comment_status":"open","ping_status":"open","sticky":false,"template":"","format":"standard","meta":{"_jetpack_newsletter_access":"","_jetpack_dont_email_post_to_subs":false,"_jetpack_newsletter_tier_id":0,"_jetpack_memberships_contains_paywalled_content":false,"_jetpack_memberships_contains_paid_content":false,"footnotes":""},"categories":[5],"tags":[],"class_list":["post-38710","post","type-post","status-publish","format-standard","has-post-thumbnail","hentry","category-brasil-mundo"],"jetpack_sharing_enabled":true,"jetpack_featured_media_url":"https:\/\/www.oparanews.com.br\/wp-content\/uploads\/2026\/09\/oposicao-pede-a-pgr-afastamento-e-prisao-de-moraes-00933070-61d643badbc4826dc89a77e534ab632f-7.webp","_links":{"self":[{"href":"https:\/\/www.oparanews.com.br\/index.php\/wp-json\/wp\/v2\/posts\/38710","targetHints":{"allow":["GET"]}}],"collection":[{"href":"https:\/\/www.oparanews.com.br\/index.php\/wp-json\/wp\/v2\/posts"}],"about":[{"href":"https:\/\/www.oparanews.com.br\/index.php\/wp-json\/wp\/v2\/types\/post"}],"author":[{"embeddable":true,"href":"https:\/\/www.oparanews.com.br\/index.php\/wp-json\/wp\/v2\/users\/2"}],"replies":[{"embeddable":true,"href":"https:\/\/www.oparanews.com.br\/index.php\/wp-json\/wp\/v2\/comments?post=38710"}],"version-history":[{"count":1,"href":"https:\/\/www.oparanews.com.br\/index.php\/wp-json\/wp\/v2\/posts\/38710\/revisions"}],"predecessor-version":[{"id":38712,"href":"https:\/\/www.oparanews.com.br\/index.php\/wp-json\/wp\/v2\/posts\/38710\/revisions\/38712"}],"wp:featuredmedia":[{"embeddable":true,"href":"https:\/\/www.oparanews.com.br\/index.php\/wp-json\/wp\/v2\/media\/38711"}],"wp:attachment":[{"href":"https:\/\/www.oparanews.com.br\/index.php\/wp-json\/wp\/v2\/media?parent=38710"}],"wp:term":[{"taxonomy":"category","embeddable":true,"href":"https:\/\/www.oparanews.com.br\/index.php\/wp-json\/wp\/v2\/categories?post=38710"},{"taxonomy":"post_tag","embeddable":true,"href":"https:\/\/www.oparanews.com.br\/index.php\/wp-json\/wp\/v2\/tags?post=38710"}],"curies":[{"name":"wp","href":"https:\/\/api.w.org\/{rel}","templated":true}]}}