{"id":38713,"date":"2026-09-02T17:23:40","date_gmt":"2026-09-02T20:23:40","guid":{"rendered":"https:\/\/www.oparanews.com.br\/?p=38713"},"modified":"2026-09-02T17:23:40","modified_gmt":"2026-09-02T20:23:40","slug":"prf-recupera-veiculo-roubado-e-com-sinais-de-adulteracao-em-sao-miguel-dos-campos","status":"publish","type":"post","link":"https:\/\/www.oparanews.com.br\/index.php\/2026\/09\/02\/prf-recupera-veiculo-roubado-e-com-sinais-de-adulteracao-em-sao-miguel-dos-campos\/","title":{"rendered":"PRF recupera ve\u00edculo roubado e com sinais de adultera\u00e7\u00e3o em S\u00e3o Miguel dos Campos"},"content":{"rendered":"<p>A Pol\u00edcia Rodovi\u00e1ria Federal (PRF) recuperou, nesta quarta-feira (2), um ve\u00edculo que apresentava sinais de adultera\u00e7\u00e3o e possu\u00eda registro de roubo. A ocorr\u00eancia foi registrada em S\u00e3o Miguel dos Campos, no interior de Alagoas.<\/p>\n<p>&nbsp;<\/p>\n<p>A abordagem aconteceu durante um comando est\u00e1tico realizado pela equipe da PRF. O autom\u00f3vel estava ocupado por quatro pessoas quando foi parado pelos policiais.<\/p>\n<p>&nbsp;<\/p>\n<p>Durante a fiscaliza\u00e7\u00e3o, os agentes identificaram ind\u00edcios de adultera\u00e7\u00e3o no ve\u00edculo. Ap\u00f3s uma an\u00e1lise mais detalhada, a equipe conseguiu identificar as caracter\u00edsticas originais do autom\u00f3vel.<\/p>\n<p>&nbsp;<\/p>\n<p>A consulta apontou que o carro havia sido roubado em 13 de junho de 2023, no estado de Pernambuco.<\/p>\n<p>&nbsp;<\/p>\n<p>O ve\u00edculo e a ocorr\u00eancia foram encaminhados \u00e0 Central de Flagrantes da Pol\u00edcia Civil, em S\u00e3o Miguel dos Campos, para a ado\u00e7\u00e3o dos procedimentos cab\u00edveis.<\/p>\n<p>&nbsp;<\/p>\n<p>&nbsp;<\/p>\n<p><strong>Fonte: Gazetaweb com informa\u00e7\u00f5es da assessoria<\/strong><\/p>\n<p>&nbsp;<\/p>\n","protected":false},"excerpt":{"rendered":"<p>A Pol\u00edcia Rodovi\u00e1ria Federal (PRF) recuperou, nesta quarta-feira (2), um ve\u00edculo que apresentava sinais de adultera\u00e7\u00e3o e possu\u00eda registro de roubo. A ocorr\u00eancia foi registrada em S\u00e3o Miguel dos Campos, no interior de Alagoas. &nbsp; A abordagem aconteceu durante um comando est\u00e1tico realizado pela equipe da PRF. O autom\u00f3vel estava ocupado por quatro pessoas quando &hellip;<\/p>\n","protected":false},"author":2,"featured_media":38714,"comment_status":"open","ping_status":"open","sticky":false,"template":"","format":"standard","meta":{"_jetpack_newsletter_access":"","_jetpack_dont_email_post_to_subs":false,"_jetpack_newsletter_tier_id":0,"_jetpack_memberships_contains_paywalled_content":false,"_jetpack_memberships_contains_paid_content":false,"footnotes":""},"categories":[4],"tags":[],"class_list":["post-38713","post","type-post","status-publish","format-standard","has-post-thumbnail","hentry","category-alagoas"],"jetpack_sharing_enabled":true,"jetpack_featured_media_url":"https:\/\/www.oparanews.com.br\/wp-content\/uploads\/2026\/09\/Sem-titulo-1.png","_links":{"self":[{"href":"https:\/\/www.oparanews.com.br\/index.php\/wp-json\/wp\/v2\/posts\/38713","targetHints":{"allow":["GET"]}}],"collection":[{"href":"https:\/\/www.oparanews.com.br\/index.php\/wp-json\/wp\/v2\/posts"}],"about":[{"href":"https:\/\/www.oparanews.com.br\/index.php\/wp-json\/wp\/v2\/types\/post"}],"author":[{"embeddable":true,"href":"https:\/\/www.oparanews.com.br\/index.php\/wp-json\/wp\/v2\/users\/2"}],"replies":[{"embeddable":true,"href":"https:\/\/www.oparanews.com.br\/index.php\/wp-json\/wp\/v2\/comments?post=38713"}],"version-history":[{"count":1,"href":"https:\/\/www.oparanews.com.br\/index.php\/wp-json\/wp\/v2\/posts\/38713\/revisions"}],"predecessor-version":[{"id":38715,"href":"https:\/\/www.oparanews.com.br\/index.php\/wp-json\/wp\/v2\/posts\/38713\/revisions\/38715"}],"wp:featuredmedia":[{"embeddable":true,"href":"https:\/\/www.oparanews.com.br\/index.php\/wp-json\/wp\/v2\/media\/38714"}],"wp:attachment":[{"href":"https:\/\/www.oparanews.com.br\/index.php\/wp-json\/wp\/v2\/media?parent=38713"}],"wp:term":[{"taxonomy":"category","embeddable":true,"href":"https:\/\/www.oparanews.com.br\/index.php\/wp-json\/wp\/v2\/categories?post=38713"},{"taxonomy":"post_tag","embeddable":true,"href":"https:\/\/www.oparanews.com.br\/index.php\/wp-json\/wp\/v2\/tags?post=38713"}],"curies":[{"name":"wp","href":"https:\/\/api.w.org\/{rel}","templated":true}]}}