{"id":38724,"date":"2026-09-04T18:56:42","date_gmt":"2026-09-04T21:56:42","guid":{"rendered":"https:\/\/www.oparanews.com.br\/?p=38724"},"modified":"2026-09-04T18:56:42","modified_gmt":"2026-09-04T21:56:42","slug":"desfile-de-7-de-setembro-em-penedo-tera-live-e-palanque-oficial-em-novo-local","status":"publish","type":"post","link":"https:\/\/www.oparanews.com.br\/index.php\/2026\/09\/04\/desfile-de-7-de-setembro-em-penedo-tera-live-e-palanque-oficial-em-novo-local\/","title":{"rendered":"Desfile de 7 de Setembro em Penedo ter\u00e1 live e palanque oficial em novo local"},"content":{"rendered":"<p style=\"background: white; margin: 0cm 0cm 19.5pt 0cm;\"><span style=\"font-size: 11.5pt; font-family: 'Verdana',sans-serif; color: #222222;\">A celebra\u00e7\u00e3o do Dia da Independ\u00eancia do Brasil em Penedo volta a utilizar a Avenida Floriano Peixoto como reta final da parada c\u00edvica que ser\u00e1 transmitida ao vivo pela Secretaria de Comunica\u00e7\u00e3o da Prefeitura de Penedo.<\/span><\/p>\n<p>&nbsp;<\/p>\n<p style=\"background: white; box-sizing: border-box; overflow-wrap: break-word; font-variant-ligatures: normal; font-variant-caps: normal; orphans: 2; text-align: start; widows: 2; -webkit-text-stroke-width: 0px; text-decoration-thickness: initial; text-decoration-style: initial; text-decoration-color: initial; word-spacing: 0px; margin: 0cm 0cm 19.5pt 0cm;\"><span style=\"box-sizing: border-box;\"><span style=\"font-size: 11.5pt; font-family: 'Verdana',sans-serif; color: #222222;\">Em fun\u00e7\u00e3o da obra de requalifica\u00e7\u00e3o da Pra\u00e7a 12 de Abril, onde o desfile de 7 de Setembro tinha seu ponto alto em Penedo, com as evolu\u00e7\u00f5es das bandas e das balizas em frente ao palanque oficial, a mudan\u00e7a para o Largo da Igreja S\u00e3o Gon\u00e7alo foi adotada.<\/span><\/span><\/p>\n<p>&nbsp;<\/p>\n<p style=\"background: white; box-sizing: border-box; overflow-wrap: break-word; font-variant-ligatures: normal; font-variant-caps: normal; orphans: 2; text-align: start; widows: 2; -webkit-text-stroke-width: 0px; text-decoration-thickness: initial; text-decoration-style: initial; text-decoration-color: initial; word-spacing: 0px; margin: 0cm 0cm 19.5pt 0cm;\"><span style=\"box-sizing: border-box;\"><span style=\"font-size: 11.5pt; font-family: 'Verdana',sans-serif; color: #222222;\">A estrutura onde autoridades se re\u00fanem para prestigiar as representa\u00e7\u00f5es das for\u00e7as de seguran\u00e7a e escolas das redes p\u00fablica e privada ser\u00e1 instalada em frente ao Theatro Sete de Setembro, com arquibancadas abertas ao p\u00fablico na Avenida Floriano Peixoto.<\/span><\/span><\/p>\n<p><a href=\"http:\/\/www.oparanews.com.br\/wp-content\/uploads\/2026\/09\/desfile-7-setembro-penedo-live-1.jpeg\"><img loading=\"lazy\" decoding=\"async\" class=\"alignnone size-full wp-image-38725\" src=\"http:\/\/www.oparanews.com.br\/wp-content\/uploads\/2026\/09\/desfile-7-setembro-penedo-live-1.jpeg\" alt=\"\" width=\"1600\" height=\"1066\" srcset=\"https:\/\/www.oparanews.com.br\/wp-content\/uploads\/2026\/09\/desfile-7-setembro-penedo-live-1.jpeg 1600w, https:\/\/www.oparanews.com.br\/wp-content\/uploads\/2026\/09\/desfile-7-setembro-penedo-live-1-300x200.jpeg 300w, https:\/\/www.oparanews.com.br\/wp-content\/uploads\/2026\/09\/desfile-7-setembro-penedo-live-1-1024x682.jpeg 1024w, https:\/\/www.oparanews.com.br\/wp-content\/uploads\/2026\/09\/desfile-7-setembro-penedo-live-1-768x512.jpeg 768w, https:\/\/www.oparanews.com.br\/wp-content\/uploads\/2026\/09\/desfile-7-setembro-penedo-live-1-1536x1023.jpeg 1536w\" sizes=\"auto, (max-width: 1600px) 100vw, 1600px\" \/><\/a><\/p>\n<p>&nbsp;<\/p>\n<p style=\"background: white; margin: 0cm 0cm 19.5pt 0cm;\"><em><b><span style=\"font-size: 11.5pt; font-family: 'Verdana',sans-serif; color: #222222;\">Live<\/span><\/b><\/em><\/p>\n<p>&nbsp;<\/p>\n<p style=\"background: white; box-sizing: border-box; overflow-wrap: break-word; font-variant-ligatures: normal; font-variant-caps: normal; orphans: 2; text-align: start; widows: 2; -webkit-text-stroke-width: 0px; text-decoration-thickness: initial; text-decoration-style: initial; text-decoration-color: initial; word-spacing: 0px; margin: 0cm 0cm 19.5pt 0cm;\"><span style=\"box-sizing: border-box;\"><span style=\"font-size: 11.5pt; font-family: 'Verdana',sans-serif; color: #222222;\">Pensando na acessibilidade dos penedenses que n\u00e3o puderem comparecer presencialmente ou daqueles que residem fora da cidade, a gest\u00e3o Inova\u00e7\u00e3o e Crescimento cobrir\u00e1 o evento, em tempo real, via internet.\u00a0<\/span><\/span><\/p>\n<p>&nbsp;<\/p>\n<p style=\"background: white; box-sizing: border-box; overflow-wrap: break-word; font-variant-ligatures: normal; font-variant-caps: normal; orphans: 2; text-align: start; widows: 2; -webkit-text-stroke-width: 0px; text-decoration-thickness: initial; text-decoration-style: initial; text-decoration-color: initial; word-spacing: 0px; margin: 0cm 0cm 19.5pt 0cm;\"><span style=\"box-sizing: border-box;\"><span style=\"font-size: 11.5pt; font-family: 'Verdana',sans-serif; color: #222222;\">A transmiss\u00e3o em formato de\u00a0<\/span><i style=\"box-sizing: border-box;\">live<\/i>\u00a0permitir\u00e1 acompanhar com detalhes as apresenta\u00e7\u00f5es das unidades de ensino, com in\u00edcio da transmiss\u00e3o \u00e0s 14 horas, quando o prefeito Ronaldo Lopes e demais comandantes das for\u00e7as de seguran\u00e7a passam em revista \u00e0 tropa, ato que ocorre nas imedia\u00e7\u00f5es da Pra\u00e7a Clementino do Monte, ponto de partida do desfile c\u00edvico.<\/span><\/p>\n<p>&nbsp;<\/p>\n<p style=\"background: white; box-sizing: border-box; overflow-wrap: break-word; font-variant-ligatures: normal; font-variant-caps: normal; orphans: 2; text-align: start; widows: 2; -webkit-text-stroke-width: 0px; text-decoration-thickness: initial; text-decoration-style: initial; text-decoration-color: initial; word-spacing: 0px; margin: 0cm 0cm 19.5pt 0cm;\"><span style=\"font-size: 11.5pt; font-family: 'Verdana',sans-serif; color: #222222;\"><a style=\"box-sizing: border-box;\" href=\"https:\/\/www.youtube.com\/live\/Z7j8s8s7kWw?si=tyaLht4UtHR4Dzsf\"><strong style=\"box-sizing: border-box;\"><span style=\"font-family: 'Verdana',sans-serif; color: #4db2ec; text-decoration: none; text-underline: none;\">Clique neste link para assistir a live do 7 de Setembro em Penedo<\/span><\/strong><\/a><\/span><\/p>\n<p>&nbsp;<\/p>\n<p>&nbsp;<\/p>\n<p>&nbsp;<\/p>\n<p style=\"background: white; box-sizing: border-box; overflow-wrap: break-word; font-variant-ligatures: normal; font-variant-caps: normal; orphans: 2; text-align: start; widows: 2; -webkit-text-stroke-width: 0px; text-decoration-thickness: initial; text-decoration-style: initial; text-decoration-color: initial; word-spacing: 0px; margin: 0cm 0cm 19.5pt 0cm;\"><strong style=\"box-sizing: border-box;\"><span style=\"font-size: 11.5pt; font-family: 'Verdana',sans-serif; color: #222222;\">Por Secom PMP<\/span><\/strong><\/p>\n<p>&nbsp;<\/p>\n","protected":false},"excerpt":{"rendered":"<p>A celebra\u00e7\u00e3o do Dia da Independ\u00eancia do Brasil em Penedo volta a utilizar a Avenida Floriano Peixoto como reta final da parada c\u00edvica que ser\u00e1 transmitida ao vivo pela Secretaria de Comunica\u00e7\u00e3o da Prefeitura de Penedo. &nbsp; Em fun\u00e7\u00e3o da obra de requalifica\u00e7\u00e3o da Pra\u00e7a 12 de Abril, onde o desfile de 7 de Setembro &hellip;<\/p>\n","protected":false},"author":2,"featured_media":38726,"comment_status":"open","ping_status":"open","sticky":false,"template":"","format":"standard","meta":{"_jetpack_newsletter_access":"","_jetpack_dont_email_post_to_subs":false,"_jetpack_newsletter_tier_id":0,"_jetpack_memberships_contains_paywalled_content":false,"_jetpack_memberships_contains_paid_content":false,"footnotes":""},"categories":[1,3],"tags":[],"class_list":["post-38724","post","type-post","status-publish","format-standard","has-post-thumbnail","hentry","category-destaque","category-penedo"],"jetpack_sharing_enabled":true,"jetpack_featured_media_url":"https:\/\/www.oparanews.com.br\/wp-content\/uploads\/2026\/09\/desfile-7-setembro-penedo-live-2.jpeg","_links":{"self":[{"href":"https:\/\/www.oparanews.com.br\/index.php\/wp-json\/wp\/v2\/posts\/38724","targetHints":{"allow":["GET"]}}],"collection":[{"href":"https:\/\/www.oparanews.com.br\/index.php\/wp-json\/wp\/v2\/posts"}],"about":[{"href":"https:\/\/www.oparanews.com.br\/index.php\/wp-json\/wp\/v2\/types\/post"}],"author":[{"embeddable":true,"href":"https:\/\/www.oparanews.com.br\/index.php\/wp-json\/wp\/v2\/users\/2"}],"replies":[{"embeddable":true,"href":"https:\/\/www.oparanews.com.br\/index.php\/wp-json\/wp\/v2\/comments?post=38724"}],"version-history":[{"count":1,"href":"https:\/\/www.oparanews.com.br\/index.php\/wp-json\/wp\/v2\/posts\/38724\/revisions"}],"predecessor-version":[{"id":38727,"href":"https:\/\/www.oparanews.com.br\/index.php\/wp-json\/wp\/v2\/posts\/38724\/revisions\/38727"}],"wp:featuredmedia":[{"embeddable":true,"href":"https:\/\/www.oparanews.com.br\/index.php\/wp-json\/wp\/v2\/media\/38726"}],"wp:attachment":[{"href":"https:\/\/www.oparanews.com.br\/index.php\/wp-json\/wp\/v2\/media?parent=38724"}],"wp:term":[{"taxonomy":"category","embeddable":true,"href":"https:\/\/www.oparanews.com.br\/index.php\/wp-json\/wp\/v2\/categories?post=38724"},{"taxonomy":"post_tag","embeddable":true,"href":"https:\/\/www.oparanews.com.br\/index.php\/wp-json\/wp\/v2\/tags?post=38724"}],"curies":[{"name":"wp","href":"https:\/\/api.w.org\/{rel}","templated":true}]}}