{"id":38731,"date":"2026-09-04T19:00:40","date_gmt":"2026-09-04T22:00:40","guid":{"rendered":"https:\/\/www.oparanews.com.br\/?p=38731"},"modified":"2026-09-04T19:00:40","modified_gmt":"2026-09-04T22:00:40","slug":"prefeito-ronaldo-lopes-reforca-compromisso-com-democracia-e-independencia-do-brasil-no-encerramento-da-semana-da-patria","status":"publish","type":"post","link":"https:\/\/www.oparanews.com.br\/index.php\/2026\/09\/04\/prefeito-ronaldo-lopes-reforca-compromisso-com-democracia-e-independencia-do-brasil-no-encerramento-da-semana-da-patria\/","title":{"rendered":"Prefeito Ronaldo Lopes refor\u00e7a compromisso com democracia e independ\u00eancia do Brasil no encerramento da Semana da P\u00e1tria"},"content":{"rendered":"<p>A programa\u00e7\u00e3o alusiva \u00e0 Semana da P\u00e1tria em Penedo foi encerrada nesta sexta-feira, 04, com solenidade que reuniu autoridades, servidores p\u00fablicos, estudantes, populares e militares no Pa\u00e7o Municipal.<\/p>\n<p>&nbsp;<\/p>\n<p>Entre as sedes do Poderes Executivo e Legislativo, com a catedral diocesana ao fundo e ao lado da Casa de Aposentadoria \u2013 um dos primeiros im\u00f3veis constru\u00eddos em Alagoas para uso p\u00fablico -, a cerim\u00f4nia foi marcada pelo discurso do prefeito Ronaldo Lopes em favor da democracia e da soberania nacional, ressaltando ainda a import\u00e2ncia do munic\u00edpio.<\/p>\n<p>&nbsp;<\/p>\n<p>\u201cQuando comemoramos mais um ano da independ\u00eancia do Brasil, n\u00f3s tamb\u00e9m temos que destacar a presen\u00e7a de Penedo em toda essa parte da hist\u00f3ria do Brasil porque nossa cidade faz parte dessa hist\u00f3ria\u201d, frisou ap\u00f3s comentar a passagem de Dom Pedro II por Penedo, em 1859, durante a expedi\u00e7\u00e3o do monarca at\u00e9 as cachoeiras de Paulo Afonso-BA.<\/p>\n<figure id=\"attachment_38733\" aria-describedby=\"caption-attachment-38733\" style=\"width: 1080px\" class=\"wp-caption alignnone\"><a href=\"http:\/\/www.oparanews.com.br\/wp-content\/uploads\/2026\/09\/penedo-semana-da-patria-2026-10.jpeg\"><img loading=\"lazy\" decoding=\"async\" class=\"size-full wp-image-38733\" src=\"http:\/\/www.oparanews.com.br\/wp-content\/uploads\/2026\/09\/penedo-semana-da-patria-2026-10.jpeg\" alt=\"\" width=\"1080\" height=\"607\" srcset=\"https:\/\/www.oparanews.com.br\/wp-content\/uploads\/2026\/09\/penedo-semana-da-patria-2026-10.jpeg 1080w, https:\/\/www.oparanews.com.br\/wp-content\/uploads\/2026\/09\/penedo-semana-da-patria-2026-10-300x169.jpeg 300w, https:\/\/www.oparanews.com.br\/wp-content\/uploads\/2026\/09\/penedo-semana-da-patria-2026-10-1024x576.jpeg 1024w, https:\/\/www.oparanews.com.br\/wp-content\/uploads\/2026\/09\/penedo-semana-da-patria-2026-10-768x432.jpeg 768w, https:\/\/www.oparanews.com.br\/wp-content\/uploads\/2026\/09\/penedo-semana-da-patria-2026-10-390x220.jpeg 390w\" sizes=\"auto, (max-width: 1080px) 100vw, 1080px\" \/><\/a><figcaption id=\"caption-attachment-38733\" class=\"wp-caption-text\">Foto: Kamylla Feitosa<\/figcaption><\/figure>\n<p>&nbsp;<\/p>\n<p>O prefeito penedense falou sobre a luta da ent\u00e3o col\u00f4nia para separar-se da Coroa portuguesa. \u201cEssa independ\u00eancia custou a vida de muita gente, custou muitas dificuldades e \u00e9 importante que n\u00f3s estejamos atentos para que pol\u00edticos mal intencionados n\u00e3o venham, novamente, a querer que o Brasil volte a ter uma ditadura. Quem tem que mandar no nosso pa\u00eds \u00e9 o povo e \u00e9 por isso que n\u00f3s defendemos a democracia como ela tem que ser e como ela acontece no Brasil\u201d, declarou Ronaldo Lopes.<\/p>\n<p>&nbsp;<\/p>\n<p>\u201cN\u00e3o tem como pol\u00edticos tentarem mudar essa hist\u00f3ria que tanta gente deu a vida para que n\u00f3s pud\u00e9ssemos ser um pa\u00eds livre, para que n\u00f3s pud\u00e9ssemos viver numa democracia, para que nossos dirigentes, quer sejam prefeitos, vereadores,\u00a0 governadores,\u00a0 presidentes, sejam escolhidos pelo voto direto, pelo voto do povo. O Brasil \u00e9 um pa\u00eds independente, \u00e9 um pa\u00eds democr\u00e1tico, ent\u00e3o qualquer pessoa que se posicionar diferente, n\u00f3s n\u00e3o podemos apoiar, n\u00e3o podemos acatar\u201d, acrescentou.<\/p>\n<p>&nbsp;<\/p>\n<p><strong>Elei\u00e7\u00f5es 2026<\/strong><\/p>\n<p>&nbsp;<\/p>\n<p>O alerta foi seguido sobre a decis\u00e3o que se aproxima, mais uma elei\u00e7\u00e3o proporcional e majorit\u00e1ria em todo o territ\u00f3rio nacional, pleito que acontece no pr\u00f3ximo dia 04 de outubro.<\/p>\n<p>&nbsp;<\/p>\n<p>\u201cN\u00f3s estamos vivendo \u00e0s v\u00e9speras de uma elei\u00e7\u00e3o, quando mais uma vez n\u00f3s vamos ser chamados \u00e0s urnas para escolhermos aqueles que v\u00e3o ter influ\u00eancia no futuro de todos n\u00f3s, inclusive dessas crian\u00e7as. \u00c9 importante que a gente conhe\u00e7a os candidatos, conhe\u00e7a as pessoas porque n\u00f3s vamos ter elei\u00e7\u00e3o para governador, elei\u00e7\u00e3o para presidente, elei\u00e7\u00e3o para dois senadores, para deputado federal e para deputado estadual. Ent\u00e3o, \u00e9 importante que n\u00f3s estejamos atentos para que saibamos escolher realmente aquelas pessoas que querem que o Brasil continue sendo essa democracia, que o Brasil continue sendo esse pa\u00eds livre, como foi conseguido em rela\u00e7\u00e3o \u00e0 depend\u00eancia que n\u00f3s t\u00ednhamos de Portugal\u201d, pontuou Ronaldo Lopes.<\/p>\n<figure id=\"attachment_38732\" aria-describedby=\"caption-attachment-38732\" style=\"width: 1600px\" class=\"wp-caption alignnone\"><a href=\"http:\/\/www.oparanews.com.br\/wp-content\/uploads\/2026\/09\/penedo-semana-da-patria-2026-2.jpeg\"><img loading=\"lazy\" decoding=\"async\" class=\"size-full wp-image-38732\" src=\"http:\/\/www.oparanews.com.br\/wp-content\/uploads\/2026\/09\/penedo-semana-da-patria-2026-2.jpeg\" alt=\"\" width=\"1600\" height=\"898\" srcset=\"https:\/\/www.oparanews.com.br\/wp-content\/uploads\/2026\/09\/penedo-semana-da-patria-2026-2.jpeg 1600w, https:\/\/www.oparanews.com.br\/wp-content\/uploads\/2026\/09\/penedo-semana-da-patria-2026-2-300x168.jpeg 300w, https:\/\/www.oparanews.com.br\/wp-content\/uploads\/2026\/09\/penedo-semana-da-patria-2026-2-1024x575.jpeg 1024w, https:\/\/www.oparanews.com.br\/wp-content\/uploads\/2026\/09\/penedo-semana-da-patria-2026-2-768x431.jpeg 768w, https:\/\/www.oparanews.com.br\/wp-content\/uploads\/2026\/09\/penedo-semana-da-patria-2026-2-1536x862.jpeg 1536w, https:\/\/www.oparanews.com.br\/wp-content\/uploads\/2026\/09\/penedo-semana-da-patria-2026-2-390x220.jpeg 390w\" sizes=\"auto, (max-width: 1600px) 100vw, 1600px\" \/><\/a><figcaption id=\"caption-attachment-38732\" class=\"wp-caption-text\">Foto: Kamylla Feitosa<\/figcaption><\/figure>\n<p>&nbsp;<\/p>\n<p>&nbsp;<\/p>\n<p><strong>Por Secom PMP<\/strong><\/p>\n<p>&nbsp;<\/p>\n","protected":false},"excerpt":{"rendered":"<p>A programa\u00e7\u00e3o alusiva \u00e0 Semana da P\u00e1tria em Penedo foi encerrada nesta sexta-feira, 04, com solenidade que reuniu autoridades, servidores p\u00fablicos, estudantes, populares e militares no Pa\u00e7o Municipal. &nbsp; Entre as sedes do Poderes Executivo e Legislativo, com a catedral diocesana ao fundo e ao lado da Casa de Aposentadoria \u2013 um dos primeiros im\u00f3veis &hellip;<\/p>\n","protected":false},"author":2,"featured_media":38734,"comment_status":"open","ping_status":"open","sticky":false,"template":"","format":"standard","meta":{"_jetpack_newsletter_access":"","_jetpack_dont_email_post_to_subs":false,"_jetpack_newsletter_tier_id":0,"_jetpack_memberships_contains_paywalled_content":false,"_jetpack_memberships_contains_paid_content":false,"footnotes":""},"categories":[1,3],"tags":[],"class_list":["post-38731","post","type-post","status-publish","format-standard","has-post-thumbnail","hentry","category-destaque","category-penedo"],"jetpack_sharing_enabled":true,"jetpack_featured_media_url":"https:\/\/www.oparanews.com.br\/wp-content\/uploads\/2026\/09\/penedo-semana-da-patria-2026-4.jpeg","_links":{"self":[{"href":"https:\/\/www.oparanews.com.br\/index.php\/wp-json\/wp\/v2\/posts\/38731","targetHints":{"allow":["GET"]}}],"collection":[{"href":"https:\/\/www.oparanews.com.br\/index.php\/wp-json\/wp\/v2\/posts"}],"about":[{"href":"https:\/\/www.oparanews.com.br\/index.php\/wp-json\/wp\/v2\/types\/post"}],"author":[{"embeddable":true,"href":"https:\/\/www.oparanews.com.br\/index.php\/wp-json\/wp\/v2\/users\/2"}],"replies":[{"embeddable":true,"href":"https:\/\/www.oparanews.com.br\/index.php\/wp-json\/wp\/v2\/comments?post=38731"}],"version-history":[{"count":1,"href":"https:\/\/www.oparanews.com.br\/index.php\/wp-json\/wp\/v2\/posts\/38731\/revisions"}],"predecessor-version":[{"id":38735,"href":"https:\/\/www.oparanews.com.br\/index.php\/wp-json\/wp\/v2\/posts\/38731\/revisions\/38735"}],"wp:featuredmedia":[{"embeddable":true,"href":"https:\/\/www.oparanews.com.br\/index.php\/wp-json\/wp\/v2\/media\/38734"}],"wp:attachment":[{"href":"https:\/\/www.oparanews.com.br\/index.php\/wp-json\/wp\/v2\/media?parent=38731"}],"wp:term":[{"taxonomy":"category","embeddable":true,"href":"https:\/\/www.oparanews.com.br\/index.php\/wp-json\/wp\/v2\/categories?post=38731"},{"taxonomy":"post_tag","embeddable":true,"href":"https:\/\/www.oparanews.com.br\/index.php\/wp-json\/wp\/v2\/tags?post=38731"}],"curies":[{"name":"wp","href":"https:\/\/api.w.org\/{rel}","templated":true}]}}