{"id":38736,"date":"2026-09-04T19:04:15","date_gmt":"2026-09-04T22:04:15","guid":{"rendered":"https:\/\/www.oparanews.com.br\/?p=38736"},"modified":"2026-09-04T19:04:15","modified_gmt":"2026-09-04T22:04:15","slug":"penedo-e-o-primeiro-municipio-alagoano-a-assinar-o-termo-de-cooperacao-tecnica-com-o-tribunal-de-justica-de-alagoas","status":"publish","type":"post","link":"https:\/\/www.oparanews.com.br\/index.php\/2026\/09\/04\/penedo-e-o-primeiro-municipio-alagoano-a-assinar-o-termo-de-cooperacao-tecnica-com-o-tribunal-de-justica-de-alagoas\/","title":{"rendered":"Penedo \u00e9 o primeiro munic\u00edpio alagoano a assinar o termo de coopera\u00e7\u00e3o t\u00e9cnica com o Tribunal de Justi\u00e7a de Alagoas"},"content":{"rendered":"<p>A Prefeitura de Penedo e o Tribunal de Justi\u00e7a de Alagoas (TJ\/AL) ampliaram as a\u00e7\u00f5es de prote\u00e7\u00e3o \u00e0 primeira inf\u00e2ncia nesta sexta-feira (4). O termo de coopera\u00e7\u00e3o t\u00e9cnica foi assinado no audit\u00f3rio do F\u00f3rum de Penedo e contou com a presen\u00e7a do prefeito Ronaldo Lopes, do desembargador presidente F\u00e1bio Jos\u00e9 Bittencourt e da ju\u00edza da Inf\u00e2ncia e Juventude da Comarca de Penedo, Marina Gurgel.<\/p>\n<p>&nbsp;<\/p>\n<p>O ato contou com a participa\u00e7\u00e3o de diversas autoridades que atuam em defesa da crian\u00e7a e do adolescente. A partir de agora, a Prefeitura de Penedo vai atuar diretamente no instituto da entrega volunt\u00e1ria para ado\u00e7\u00e3o, previsto no Estatuto da Crian\u00e7a e do Adolescente (ECA) desde 2017. Por meio da coopera\u00e7\u00e3o t\u00e9cnica, o Munic\u00edpio ter\u00e1 uma equipe atuando diretamente nessa \u00e1rea, com o intuito de acolher, orientar, acompanhar e garantir o sigilo para as m\u00e3es que optarem pela entrega volunt\u00e1ria.<\/p>\n<p>&nbsp;<\/p>\n<p><strong><em>\u201cEssa parceria vai nos ajudar a evitar que as m\u00e3es e os pais que tiveram uma gravidez indesejada abandonem os filhos ou deixem de proteg\u00ea-los de forma adequada, exatamente naquele per\u00edodo em que a crian\u00e7a est\u00e1 formando a sua personalidade e o seu c\u00e9rebro. \u00c9 um per\u00edodo em que ela mais precisa de prote\u00e7\u00e3o, e muitas vezes acaba sendo abandonada. Al\u00e9m disso, quando vai para a ado\u00e7\u00e3o, como temos um abrigo aqui em Penedo, a dificuldade \u00e9 muito grande para encontrar pais que queiram adotar aquelas crian\u00e7as j\u00e1 crescidas, j\u00e1 com a forma\u00e7\u00e3o pessoal. Com esse fortalecimento da rede, atrav\u00e9s da assinatura do termo de coopera\u00e7\u00e3o t\u00e9cnica, tenho certeza de que a ado\u00e7\u00e3o e essa busca por fam\u00edlias para as crian\u00e7as nascidas em Penedo ser\u00e3o muito mais eficientes, evitando sofrimento para as crian\u00e7as\u201d, enfatizou Ronaldo Lopes durante o ato de assinatura.<\/em><\/strong><\/p>\n<figure id=\"attachment_38738\" aria-describedby=\"caption-attachment-38738\" style=\"width: 1600px\" class=\"wp-caption alignnone\"><a href=\"http:\/\/www.oparanews.com.br\/wp-content\/uploads\/2026\/09\/evento_tj_al.jpg\"><img loading=\"lazy\" decoding=\"async\" class=\"size-full wp-image-38738\" src=\"http:\/\/www.oparanews.com.br\/wp-content\/uploads\/2026\/09\/evento_tj_al.jpg\" alt=\"\" width=\"1600\" height=\"1108\" srcset=\"https:\/\/www.oparanews.com.br\/wp-content\/uploads\/2026\/09\/evento_tj_al.jpg 1600w, https:\/\/www.oparanews.com.br\/wp-content\/uploads\/2026\/09\/evento_tj_al-300x208.jpg 300w, https:\/\/www.oparanews.com.br\/wp-content\/uploads\/2026\/09\/evento_tj_al-1024x709.jpg 1024w, https:\/\/www.oparanews.com.br\/wp-content\/uploads\/2026\/09\/evento_tj_al-768x532.jpg 768w, https:\/\/www.oparanews.com.br\/wp-content\/uploads\/2026\/09\/evento_tj_al-1536x1064.jpg 1536w\" sizes=\"auto, (max-width: 1600px) 100vw, 1600px\" \/><\/a><figcaption id=\"caption-attachment-38738\" class=\"wp-caption-text\">Foto: TJ\/AL<\/figcaption><\/figure>\n<p>&nbsp;<\/p>\n<p><strong>Penedo \u00e9 o primeiro munic\u00edpio alagoano a assinar o termo de coopera\u00e7\u00e3o t\u00e9cnica com o Tribunal de Justi\u00e7a de Alagoas<\/strong>\u00a0para ampliar e fortalecer a rede de apoio \u00e0 crian\u00e7a e ao adolescente por meio da entrega volunt\u00e1ria para ado\u00e7\u00e3o. O ato trouxe \u00e0 cidade o desembargador presidente do TJ\/AL, F\u00e1bio Jos\u00e9 Bittencourt.<\/p>\n<p>&nbsp;<\/p>\n<p><strong><em>\u201cExatamente, a ado\u00e7\u00e3o mais r\u00e1pida que todas as crian\u00e7as t\u00eam \u00e9 de um a tr\u00eas meses de nascimento. Isso \u00e9 importante, muito importante para a inf\u00e2ncia, para o desenvolvimento dela e tamb\u00e9m para que n\u00e3o haja um abrigamento dessas pessoas pequenas, que merecem todo o apoio dos brasileiros e do Estado\u201d, pontuou o magistrado.<\/em><\/strong><\/p>\n<p>&nbsp;<\/p>\n<p><strong>Capacita\u00e7\u00e3o sobre o tema<\/strong><\/p>\n<p>&nbsp;<\/p>\n<p>No in\u00edcio\u00a0<a href=\"https:\/\/penedo.al.gov.br\/2026\/08\/31\/capacitacao-no-theatro-sete-de-setembro-orienta-profissionais-sobre-entrega-voluntaria-para-adocao\/\">desta semana, no Theatro Sete de Setembro, a rede de prote\u00e7\u00e3o de Penedo se reuniu<\/a>\u00a0para participar de uma capacita\u00e7\u00e3o sobre a entrega volunt\u00e1ria para ado\u00e7\u00e3o. O encontro foi realizado pelo Tribunal de Justi\u00e7a de Alagoas, em parceria com a Prefeitura de Penedo. A ju\u00edza da Inf\u00e2ncia e Juventude da Comarca de Penedo, Marina Gurgel, foi uma das palestrantes e, nesta sexta-feira (4), tamb\u00e9m participou da assinatura do termo de coopera\u00e7\u00e3o t\u00e9cnica.<\/p>\n<figure id=\"attachment_38739\" aria-describedby=\"caption-attachment-38739\" style=\"width: 1440px\" class=\"wp-caption alignnone\"><a href=\"http:\/\/www.oparanews.com.br\/wp-content\/uploads\/2026\/09\/evento_tjal.jpg\"><img loading=\"lazy\" decoding=\"async\" class=\"size-full wp-image-38739\" src=\"http:\/\/www.oparanews.com.br\/wp-content\/uploads\/2026\/09\/evento_tjal.jpg\" alt=\"\" width=\"1440\" height=\"960\" srcset=\"https:\/\/www.oparanews.com.br\/wp-content\/uploads\/2026\/09\/evento_tjal.jpg 1440w, https:\/\/www.oparanews.com.br\/wp-content\/uploads\/2026\/09\/evento_tjal-300x200.jpg 300w, https:\/\/www.oparanews.com.br\/wp-content\/uploads\/2026\/09\/evento_tjal-1024x683.jpg 1024w, https:\/\/www.oparanews.com.br\/wp-content\/uploads\/2026\/09\/evento_tjal-768x512.jpg 768w\" sizes=\"auto, (max-width: 1440px) 100vw, 1440px\" \/><\/a><figcaption id=\"caption-attachment-38739\" class=\"wp-caption-text\">Foto: TJ\/AL<\/figcaption><\/figure>\n<p><em>\u201cEssa \u00e9 uma amostra da atua\u00e7\u00e3o conjunta do Poder Judici\u00e1rio e da Prefeitura de Penedo na valoriza\u00e7\u00e3o da primeira inf\u00e2ncia e no cumprimento do pacto legal, que \u00e9 lei e \u00e9 baseado na medicina, em respeito \u00e0 necessidade de agilizar os processos, tratando-se de crian\u00e7as ainda na primeira inf\u00e2ncia. Isso \u00e9 o futuro de Penedo e a forma\u00e7\u00e3o do Poder Judici\u00e1rio\u201d, encerrou a magistrada.<\/em><\/p>\n<p>&nbsp;<\/p>\n<p>&nbsp;<\/p>\n<p><strong>Por Secom PMP<\/strong><\/p>\n","protected":false},"excerpt":{"rendered":"<p>A Prefeitura de Penedo e o Tribunal de Justi\u00e7a de Alagoas (TJ\/AL) ampliaram as a\u00e7\u00f5es de prote\u00e7\u00e3o \u00e0 primeira inf\u00e2ncia nesta sexta-feira (4). O termo de coopera\u00e7\u00e3o t\u00e9cnica foi assinado no audit\u00f3rio do F\u00f3rum de Penedo e contou com a presen\u00e7a do prefeito Ronaldo Lopes, do desembargador presidente F\u00e1bio Jos\u00e9 Bittencourt e da ju\u00edza da &hellip;<\/p>\n","protected":false},"author":2,"featured_media":38737,"comment_status":"open","ping_status":"open","sticky":false,"template":"","format":"standard","meta":{"_jetpack_newsletter_access":"","_jetpack_dont_email_post_to_subs":false,"_jetpack_newsletter_tier_id":0,"_jetpack_memberships_contains_paywalled_content":false,"_jetpack_memberships_contains_paid_content":false,"footnotes":""},"categories":[1,3],"tags":[],"class_list":["post-38736","post","type-post","status-publish","format-standard","has-post-thumbnail","hentry","category-destaque","category-penedo"],"jetpack_sharing_enabled":true,"jetpack_featured_media_url":"https:\/\/www.oparanews.com.br\/wp-content\/uploads\/2026\/09\/evento_tjal2.jpg","_links":{"self":[{"href":"https:\/\/www.oparanews.com.br\/index.php\/wp-json\/wp\/v2\/posts\/38736","targetHints":{"allow":["GET"]}}],"collection":[{"href":"https:\/\/www.oparanews.com.br\/index.php\/wp-json\/wp\/v2\/posts"}],"about":[{"href":"https:\/\/www.oparanews.com.br\/index.php\/wp-json\/wp\/v2\/types\/post"}],"author":[{"embeddable":true,"href":"https:\/\/www.oparanews.com.br\/index.php\/wp-json\/wp\/v2\/users\/2"}],"replies":[{"embeddable":true,"href":"https:\/\/www.oparanews.com.br\/index.php\/wp-json\/wp\/v2\/comments?post=38736"}],"version-history":[{"count":1,"href":"https:\/\/www.oparanews.com.br\/index.php\/wp-json\/wp\/v2\/posts\/38736\/revisions"}],"predecessor-version":[{"id":38740,"href":"https:\/\/www.oparanews.com.br\/index.php\/wp-json\/wp\/v2\/posts\/38736\/revisions\/38740"}],"wp:featuredmedia":[{"embeddable":true,"href":"https:\/\/www.oparanews.com.br\/index.php\/wp-json\/wp\/v2\/media\/38737"}],"wp:attachment":[{"href":"https:\/\/www.oparanews.com.br\/index.php\/wp-json\/wp\/v2\/media?parent=38736"}],"wp:term":[{"taxonomy":"category","embeddable":true,"href":"https:\/\/www.oparanews.com.br\/index.php\/wp-json\/wp\/v2\/categories?post=38736"},{"taxonomy":"post_tag","embeddable":true,"href":"https:\/\/www.oparanews.com.br\/index.php\/wp-json\/wp\/v2\/tags?post=38736"}],"curies":[{"name":"wp","href":"https:\/\/api.w.org\/{rel}","templated":true}]}}