{"id":38755,"date":"2026-09-05T21:39:32","date_gmt":"2026-09-06T00:39:32","guid":{"rendered":"https:\/\/www.oparanews.com.br\/?p=38755"},"modified":"2026-09-05T21:39:32","modified_gmt":"2026-09-06T00:39:32","slug":"crb-vence-se-mantem-no-g6-e-complica-situacao-do-america-mg-na-serie-b","status":"publish","type":"post","link":"https:\/\/www.oparanews.com.br\/index.php\/2026\/09\/05\/crb-vence-se-mantem-no-g6-e-complica-situacao-do-america-mg-na-serie-b\/","title":{"rendered":"CRB vence, se mant\u00e9m no G6 e complica situa\u00e7\u00e3o do Am\u00e9rica-MG na S\u00e9rie B"},"content":{"rendered":"<p>O Clube de Regatas Brasil confirmou a boa fase e venceu o Am\u00e9rica-MG por 3&#215;1, na noite dessa sexta-feira (04), no Est\u00e1dio Rei Pel\u00e9, pela 26\u00aa rodada do Campeonato Brasileiro S\u00e9rie B.<\/p>\n<p>&nbsp;<\/p>\n<p>Crystopher, Mikael e Kevin marcaram os gols do Galo de Campina na partida, garantindo mais tr\u00eas pontos para diante da torcida regatiana. J\u00e1 Willian Bigode descontou para o Am\u00e9rica-MG.<\/p>\n<p>&nbsp;<\/p>\n<p>Al\u00e9m da boa atua\u00e7\u00e3o em campo, outro destaque foi a presen\u00e7a da torcida regatiana no Est\u00e1dio Rei Pel\u00e9. Ao todo, 11.476 torcedores acompanharam a partida, segundo o boletim financeiro do jogo. Desse total, 9.350 foram pagantes, enquanto 1.419 entraram por meio de gratuidades e cortesias.<\/p>\n<p>&nbsp;<\/p>\n<p>O CRB agora volta suas aten\u00e7\u00f5es para o pr\u00f3ximo compromisso pela S\u00e9rie B. A equipe do t\u00e9cnico F\u00e1bio Matias enfrenta o Oper\u00e1rio-PR na quarta-feira (09), \u00e0s 20h30, no Est\u00e1dio Germano Kr\u00fcger, em Ponta Grossa.<\/p>\n<p>&nbsp;<\/p>\n<p>&nbsp;<\/p>\n<p><strong>Fonte: TNH1<\/strong><\/p>\n<p>&nbsp;<\/p>\n","protected":false},"excerpt":{"rendered":"<p>O Clube de Regatas Brasil confirmou a boa fase e venceu o Am\u00e9rica-MG por 3&#215;1, na noite dessa sexta-feira (04), no Est\u00e1dio Rei Pel\u00e9, pela 26\u00aa rodada do Campeonato Brasileiro S\u00e9rie B. &nbsp; Crystopher, Mikael e Kevin marcaram os gols do Galo de Campina na partida, garantindo mais tr\u00eas pontos para diante da torcida regatiana. &hellip;<\/p>\n","protected":false},"author":2,"featured_media":38756,"comment_status":"open","ping_status":"open","sticky":false,"template":"","format":"standard","meta":{"_jetpack_newsletter_access":"","_jetpack_dont_email_post_to_subs":false,"_jetpack_newsletter_tier_id":0,"_jetpack_memberships_contains_paywalled_content":false,"_jetpack_memberships_contains_paid_content":false,"footnotes":""},"categories":[1,6],"tags":[],"class_list":["post-38755","post","type-post","status-publish","format-standard","has-post-thumbnail","hentry","category-destaque","category-esporte"],"jetpack_sharing_enabled":true,"jetpack_featured_media_url":"https:\/\/www.oparanews.com.br\/wp-content\/uploads\/2026\/09\/crb-vitoria-america-francisco-cedrim-reproducao_widexl.jpeg","_links":{"self":[{"href":"https:\/\/www.oparanews.com.br\/index.php\/wp-json\/wp\/v2\/posts\/38755","targetHints":{"allow":["GET"]}}],"collection":[{"href":"https:\/\/www.oparanews.com.br\/index.php\/wp-json\/wp\/v2\/posts"}],"about":[{"href":"https:\/\/www.oparanews.com.br\/index.php\/wp-json\/wp\/v2\/types\/post"}],"author":[{"embeddable":true,"href":"https:\/\/www.oparanews.com.br\/index.php\/wp-json\/wp\/v2\/users\/2"}],"replies":[{"embeddable":true,"href":"https:\/\/www.oparanews.com.br\/index.php\/wp-json\/wp\/v2\/comments?post=38755"}],"version-history":[{"count":1,"href":"https:\/\/www.oparanews.com.br\/index.php\/wp-json\/wp\/v2\/posts\/38755\/revisions"}],"predecessor-version":[{"id":38757,"href":"https:\/\/www.oparanews.com.br\/index.php\/wp-json\/wp\/v2\/posts\/38755\/revisions\/38757"}],"wp:featuredmedia":[{"embeddable":true,"href":"https:\/\/www.oparanews.com.br\/index.php\/wp-json\/wp\/v2\/media\/38756"}],"wp:attachment":[{"href":"https:\/\/www.oparanews.com.br\/index.php\/wp-json\/wp\/v2\/media?parent=38755"}],"wp:term":[{"taxonomy":"category","embeddable":true,"href":"https:\/\/www.oparanews.com.br\/index.php\/wp-json\/wp\/v2\/categories?post=38755"},{"taxonomy":"post_tag","embeddable":true,"href":"https:\/\/www.oparanews.com.br\/index.php\/wp-json\/wp\/v2\/tags?post=38755"}],"curies":[{"name":"wp","href":"https:\/\/api.w.org\/{rel}","templated":true}]}}