{"id":4006,"date":"2020-02-20T00:53:50","date_gmt":"2020-02-20T00:53:50","guid":{"rendered":"https:\/\/oparanews.com.br\/?p=4006"},"modified":"2020-02-20T00:53:50","modified_gmt":"2020-02-20T00:53:50","slug":"moro-autoriza-envio-de-forca-nacional-para-o-ceara","status":"publish","type":"post","link":"https:\/\/www.oparanews.com.br\/index.php\/2020\/02\/20\/moro-autoriza-envio-de-forca-nacional-para-o-ceara\/","title":{"rendered":"Moro autoriza envio de For\u00e7a Nacional para o Cear\u00e1"},"content":{"rendered":"<p>O ministro da Justi\u00e7a e Seguran\u00e7a P\u00fablica, S\u00e9rgio Moro, autorizou nesta quarta-feira, 19, o envio da For\u00e7a Nacional de Seguran\u00e7a P\u00fablica para o Estado do Cear\u00e1, que virou palco de paralisa\u00e7\u00e3o de policiais estaduais. A decis\u00e3o do ministro atende ao pedido feito pelo governadorCamilo Santana (PT) ao governo federal.<\/p>\n<p>A decis\u00e3o foi tomada ap\u00f3s o senador licenciado Cid Gomes (PDT-CE) ter sido baleado em um protesto de policiais que pedem aumento salarial, ao tentar furar o bloqueio de policiais militares em Sobral.<\/p>\n<p>Moro determinou que a primeira equipe da For\u00e7a Nacional de Seguran\u00e7a P\u00fablica chegue Estado na manh\u00e3 desta quinta-feira. 20, a partir das 14h, e que a Pol\u00edcia Rodovi\u00e1ria Federal desembarque na regi\u00e3o em at\u00e9 48 horas.<\/p>\n<p>&#8220;Recomendo que sejam tomadas as necess\u00e1rias provid\u00eancias para que o movimento paralisa\u00e7\u00e3o seja encerrado o mais brevemente poss\u00edvel&#8221;, escreveu o ministro.<\/p>\n<p><strong>Pedido de apoio<\/strong><\/p>\n<p>O governador do Cear\u00e1, Camilo Santana, solicitou ao governo Jair Bolsonaro o apoio de tropas para refor\u00e7ar a seguran\u00e7a no Estado, ap\u00f3s quatro batalh\u00f5es da Pol\u00edcia Militar serem atacados. Os ataques foram feitos por pessoas encapuzadas, mas h\u00e1 suspeita de que os respons\u00e1veis sejam policiais.<\/p>\n<p>Segundo Santana, as a\u00e7\u00f5es foram feitas por homens mascarados que seriam &#8220;alguns policiais&#8221; e &#8220;mulheres que se apresentam como esposas de militares. O secret\u00e1rio de Seguran\u00e7a P\u00fablica do Cear\u00e1, Andr\u00e9 Costa, informou que tr\u00eas policiais militares foram presos em flagrante por estarem furando pneus de viaturas em Fortaleza, enquanto um oficial foi conduzido \u00e0 delegacia em Juazeiro do Norte por estar com um capuz no bolso e armado. Outros 261 policiais est\u00e3o sendo investigados por suspeita de participa\u00e7\u00e3o nas a\u00e7\u00f5es.<\/p>\n<p>Na Assembleia Legislativa, uma CPI foi protocolada para avaliar supostas irregularidades cometidas pelas associa\u00e7\u00f5es que representam os agentes da seguran\u00e7a p\u00fablica do Cear\u00e1 e que ocasionaram essas paralisa\u00e7\u00f5es. De acordo com o Minist\u00e9rio P\u00fablico, 12 entidades ser\u00e3o investigadas. Nos \u00faltimos seis anos, elas receberam R$ 126,7 milh\u00f5es de reais, mas apenas R$ 65 milh\u00f5es foram movimentados.<\/p>\n<p><strong>Fonte: Terra<\/strong><\/p>\n<p>&nbsp;<\/p>\n","protected":false},"excerpt":{"rendered":"<p>O ministro da Justi\u00e7a e Seguran\u00e7a P\u00fablica, S\u00e9rgio Moro, autorizou nesta quarta-feira, 19, o envio da For\u00e7a Nacional de Seguran\u00e7a P\u00fablica para o Estado do Cear\u00e1, que virou palco de paralisa\u00e7\u00e3o de policiais estaduais. A decis\u00e3o do ministro atende ao pedido feito pelo governadorCamilo Santana (PT) ao governo federal. A decis\u00e3o foi tomada ap\u00f3s o &hellip;<\/p>\n","protected":false},"author":1,"featured_media":4007,"comment_status":"open","ping_status":"open","sticky":false,"template":"","format":"standard","meta":{"_jetpack_memberships_contains_paid_content":false,"footnotes":""},"categories":[1],"tags":[],"class_list":["post-4006","post","type-post","status-publish","format-standard","has-post-thumbnail","hentry","category-destaque"],"jetpack_featured_media_url":"","jetpack_sharing_enabled":true,"_links":{"self":[{"href":"https:\/\/www.oparanews.com.br\/index.php\/wp-json\/wp\/v2\/posts\/4006","targetHints":{"allow":["GET"]}}],"collection":[{"href":"https:\/\/www.oparanews.com.br\/index.php\/wp-json\/wp\/v2\/posts"}],"about":[{"href":"https:\/\/www.oparanews.com.br\/index.php\/wp-json\/wp\/v2\/types\/post"}],"author":[{"embeddable":true,"href":"https:\/\/www.oparanews.com.br\/index.php\/wp-json\/wp\/v2\/users\/1"}],"replies":[{"embeddable":true,"href":"https:\/\/www.oparanews.com.br\/index.php\/wp-json\/wp\/v2\/comments?post=4006"}],"version-history":[{"count":0,"href":"https:\/\/www.oparanews.com.br\/index.php\/wp-json\/wp\/v2\/posts\/4006\/revisions"}],"wp:featuredmedia":[{"embeddable":true,"href":"https:\/\/www.oparanews.com.br\/index.php\/wp-json\/"}],"wp:attachment":[{"href":"https:\/\/www.oparanews.com.br\/index.php\/wp-json\/wp\/v2\/media?parent=4006"}],"wp:term":[{"taxonomy":"category","embeddable":true,"href":"https:\/\/www.oparanews.com.br\/index.php\/wp-json\/wp\/v2\/categories?post=4006"},{"taxonomy":"post_tag","embeddable":true,"href":"https:\/\/www.oparanews.com.br\/index.php\/wp-json\/wp\/v2\/tags?post=4006"}],"curies":[{"name":"wp","href":"https:\/\/api.w.org\/{rel}","templated":true}]}}