{"id":4045,"date":"2020-02-20T19:39:39","date_gmt":"2020-02-20T19:39:39","guid":{"rendered":"https:\/\/oparanews.com.br\/?p=4045"},"modified":"2020-02-20T19:39:39","modified_gmt":"2020-02-20T19:39:39","slug":"amor-thelma-reconhece-danilo-em-album-de-lurdes","status":"publish","type":"post","link":"https:\/\/www.oparanews.com.br\/index.php\/2020\/02\/20\/amor-thelma-reconhece-danilo-em-album-de-lurdes\/","title":{"rendered":"&#8216;Amor&#8217;: Thelma reconhece Danilo em \u00e1lbum de Lurdes"},"content":{"rendered":"<p>O verdadeira identidade de Danilo (Chay Suede) est\u00e1 prevista para ser revelada nos pr\u00f3ximos cap\u00edtulos da novela &#8220;Amor de M\u00e3e&#8221;. De acordo com a colunista Patr\u00edcia Kogut, do jornal &#8220;O Globo&#8221;, caso a autora da trama, Manuela Dias, n\u00e3o mude os rumos da hist\u00f3ria, o p\u00fablico saber\u00e1 que o filho de Thelma (Adriana Esteves) \u00e9, na verdade, Dom\u00eanico, o filho desaparecido que Lurdes (Regina Cas\u00e9). Ao descobrir a liga\u00e7\u00e3o do filho adotado com a amiga, Thelma vai armar para que uma pessoa se fa\u00e7a passar pela m\u00e3e biol\u00f3gica que o despreza.<\/p>\n<p><strong>Thelma \u00e9 surpreendida com revela\u00e7\u00e3o em festa de Lurdes<\/strong><\/p>\n<p>A revela\u00e7\u00e3o sobre a ado\u00e7\u00e3o de Danilo ser\u00e1 um segredo de Thelma e Durval. Ela vai implorar para que ele n\u00e3o entregue a verdade para o filho e, nesse meio tempo, Jane (Isabel Teixeira) vai levantar a possibilidade de o rapaz ser filho da bab\u00e1. Mas ser\u00e1 durante a festa de anivers\u00e1rio da amiga que a m\u00e3e adotiva de Danilo ter\u00e1 certeza. Na ocasi\u00e3o, Lurdes receber\u00e1 uma homenagem atrav\u00e9s de um v\u00eddeo editado com v\u00e1rias fotos marcantes de sua vida incluindo momentos em fam\u00edlia, com os filhos pequenos. Em uma dessas imagens, aparecer\u00e1 Dom\u00eanico na inf\u00e2ncia, antes de ser vendido pelo pai. Uma das convidadas presentes, Thelma vai se chocar, porque vai reconhecer Danilo.<\/p>\n<p>&nbsp;<\/p>\n<p><strong>Fonte: Purepeaple<\/strong><\/p>\n<p>&nbsp;<\/p>\n","protected":false},"excerpt":{"rendered":"<p>O verdadeira identidade de Danilo (Chay Suede) est\u00e1 prevista para ser revelada nos pr\u00f3ximos cap\u00edtulos da novela &#8220;Amor de M\u00e3e&#8221;. De acordo com a colunista Patr\u00edcia Kogut, do jornal &#8220;O Globo&#8221;, caso a autora da trama, Manuela Dias, n\u00e3o mude os rumos da hist\u00f3ria, o p\u00fablico saber\u00e1 que o filho de Thelma (Adriana Esteves) \u00e9, &hellip;<\/p>\n","protected":false},"author":1,"featured_media":4046,"comment_status":"open","ping_status":"open","sticky":false,"template":"","format":"standard","meta":{"_jetpack_memberships_contains_paid_content":false,"footnotes":""},"categories":[1],"tags":[],"class_list":["post-4045","post","type-post","status-publish","format-standard","has-post-thumbnail","hentry","category-destaque"],"jetpack_featured_media_url":"","jetpack_sharing_enabled":true,"_links":{"self":[{"href":"https:\/\/www.oparanews.com.br\/index.php\/wp-json\/wp\/v2\/posts\/4045","targetHints":{"allow":["GET"]}}],"collection":[{"href":"https:\/\/www.oparanews.com.br\/index.php\/wp-json\/wp\/v2\/posts"}],"about":[{"href":"https:\/\/www.oparanews.com.br\/index.php\/wp-json\/wp\/v2\/types\/post"}],"author":[{"embeddable":true,"href":"https:\/\/www.oparanews.com.br\/index.php\/wp-json\/wp\/v2\/users\/1"}],"replies":[{"embeddable":true,"href":"https:\/\/www.oparanews.com.br\/index.php\/wp-json\/wp\/v2\/comments?post=4045"}],"version-history":[{"count":0,"href":"https:\/\/www.oparanews.com.br\/index.php\/wp-json\/wp\/v2\/posts\/4045\/revisions"}],"wp:featuredmedia":[{"embeddable":true,"href":"https:\/\/www.oparanews.com.br\/index.php\/wp-json\/"}],"wp:attachment":[{"href":"https:\/\/www.oparanews.com.br\/index.php\/wp-json\/wp\/v2\/media?parent=4045"}],"wp:term":[{"taxonomy":"category","embeddable":true,"href":"https:\/\/www.oparanews.com.br\/index.php\/wp-json\/wp\/v2\/categories?post=4045"},{"taxonomy":"post_tag","embeddable":true,"href":"https:\/\/www.oparanews.com.br\/index.php\/wp-json\/wp\/v2\/tags?post=4045"}],"curies":[{"name":"wp","href":"https:\/\/api.w.org\/{rel}","templated":true}]}}