{"id":4115,"date":"2020-02-24T18:02:13","date_gmt":"2020-02-24T18:02:13","guid":{"rendered":"https:\/\/oparanews.com.br\/?p=4115"},"modified":"2020-02-24T18:02:13","modified_gmt":"2020-02-24T18:02:13","slug":"ceara-nao-ha-uma-situacao-de-absoluta-desordem-afirma-moro","status":"publish","type":"post","link":"https:\/\/www.oparanews.com.br\/index.php\/2020\/02\/24\/ceara-nao-ha-uma-situacao-de-absoluta-desordem-afirma-moro\/","title":{"rendered":"Cear\u00e1: &#8220;N\u00e3o h\u00e1 uma situa\u00e7\u00e3o de absoluta desordem&#8221;, afirma Moro"},"content":{"rendered":"<p>A comitiva formada pelos ministros da Justi\u00e7a, S\u00e9rgio Moro, da Defesa, Fernando Azevedo e Silva e da Advocacia Geral da Uni\u00e3o, Andr\u00e9 Luiz Mendon\u00e7a, visitou nesta segunda-feira (24) Fortaleza para acompanhar as a\u00e7\u00f5es de seguran\u00e7a p\u00fablica no Cear\u00e1 e para se reunir com o governador Camilo Santana.<\/p>\n<p>&#8220;Nosso trabalho aqui \u00e9 garantir a prote\u00e7\u00e3o da popula\u00e7\u00e3o&#8221;, afirmou o ministro S\u00e9rgio Moro, da Justi\u00e7a, em visita ao Cear\u00e1. &#8220;For\u00e7as est\u00e3o aqui pra atender a situa\u00e7\u00e3o, que entendemos que \u00e9 tempor\u00e1ria e deve ser resolvida brevemente&#8221;, completou Moro.<\/p>\n<p>Sobre o n\u00famero de 147 homic\u00eddios contabilizado desde a paralisa\u00e7\u00e3o, o ministro ponderou: &#8220;existe indicativo de aumento de alguns crimes mais violentos, mas n\u00e3o h\u00e1 uma situa\u00e7\u00e3o de absoluta desordem nas ruas. N\u00f3s circulamos as ruas. A situa\u00e7\u00e3o est\u00e1 sob controle, mas claro dentro de um contexto relativamente dif\u00cdcil em que parte da policia estadual est\u00e1 paralisada&#8221;.<\/p>\n<p>O general Cunha Mattos, respons\u00e1vel pela opera\u00e7\u00e3o e por guiar a pasta de Seguran\u00e7a P\u00fablica com a GLO, recebeu a comitiva.<\/p>\n<p>As autoridades participam de um briefing sobre as atividades que est\u00e3o sendo realizadas pelas For\u00e7as Armadas e pelos \u00f3rg\u00e3os de Seguran\u00e7a P\u00fablica federais, estaduais e municipais no comando da 10\u00aa Regi\u00e3o Militar. A agenda da comitivia teve in\u00edcio no comando da 10\u00aa Regi\u00e3o Militar.<\/p>\n<p>Ao meio-dia, Moro e os demais ministros seguiram para o Pal\u00e1cio da Aboli\u00e7\u00e3o. O grupo se reuniu, em seguida, com o governador Camilo Santana e a vice-governadora Izolda Cela. Por volta das 13h20, o govenador Camilo Santana e os ministros da Justi\u00e7a, S\u00e9rgio Moro, da Defesa, Fernando Azevedo e Silva e da Advocacia Geral da Uni\u00e3o, Andr\u00e9 Luiz Mendon\u00e7a, iniciaram coletiva de imprensa, explicando os trabalhos que est\u00e3o sendo realizados.<\/p>\n<p>Tamb\u00e9m est\u00e3o presentes na reuni\u00e3o a c\u00fapula da seguran\u00e7a p\u00fablica. O secret\u00e1rio da Seguran\u00e7a P\u00fablica e Defesa Social (SSPDS), Andr\u00e9 Costa, o comandante-geral do Corpo de Bombeiros, Coronel Lu\u00eds Eduardo Soares de Holanda, comandante da Policia Militar, Cel. Alexandre \u00c1vila de Vasconcelos e o delegado-geral da Policia Civil, Marcus Vin\u00edcius Sab\u00f3ia Rattacaso.<\/p>\n<p>&nbsp;<\/p>\n<p><strong>Fonte: Di\u00e1rio do Nordeste<\/strong><\/p>\n<p>&nbsp;<\/p>\n","protected":false},"excerpt":{"rendered":"<p>A comitiva formada pelos ministros da Justi\u00e7a, S\u00e9rgio Moro, da Defesa, Fernando Azevedo e Silva e da Advocacia Geral da Uni\u00e3o, Andr\u00e9 Luiz Mendon\u00e7a, visitou nesta segunda-feira (24) Fortaleza para acompanhar as a\u00e7\u00f5es de seguran\u00e7a p\u00fablica no Cear\u00e1 e para se reunir com o governador Camilo Santana. &#8220;Nosso trabalho aqui \u00e9 garantir a prote\u00e7\u00e3o da &hellip;<\/p>\n","protected":false},"author":1,"featured_media":4116,"comment_status":"open","ping_status":"open","sticky":false,"template":"","format":"standard","meta":{"_jetpack_memberships_contains_paid_content":false,"footnotes":""},"categories":[1],"tags":[],"class_list":["post-4115","post","type-post","status-publish","format-standard","has-post-thumbnail","hentry","category-destaque"],"jetpack_featured_media_url":"","jetpack_sharing_enabled":true,"_links":{"self":[{"href":"https:\/\/www.oparanews.com.br\/index.php\/wp-json\/wp\/v2\/posts\/4115","targetHints":{"allow":["GET"]}}],"collection":[{"href":"https:\/\/www.oparanews.com.br\/index.php\/wp-json\/wp\/v2\/posts"}],"about":[{"href":"https:\/\/www.oparanews.com.br\/index.php\/wp-json\/wp\/v2\/types\/post"}],"author":[{"embeddable":true,"href":"https:\/\/www.oparanews.com.br\/index.php\/wp-json\/wp\/v2\/users\/1"}],"replies":[{"embeddable":true,"href":"https:\/\/www.oparanews.com.br\/index.php\/wp-json\/wp\/v2\/comments?post=4115"}],"version-history":[{"count":0,"href":"https:\/\/www.oparanews.com.br\/index.php\/wp-json\/wp\/v2\/posts\/4115\/revisions"}],"wp:featuredmedia":[{"embeddable":true,"href":"https:\/\/www.oparanews.com.br\/index.php\/wp-json\/"}],"wp:attachment":[{"href":"https:\/\/www.oparanews.com.br\/index.php\/wp-json\/wp\/v2\/media?parent=4115"}],"wp:term":[{"taxonomy":"category","embeddable":true,"href":"https:\/\/www.oparanews.com.br\/index.php\/wp-json\/wp\/v2\/categories?post=4115"},{"taxonomy":"post_tag","embeddable":true,"href":"https:\/\/www.oparanews.com.br\/index.php\/wp-json\/wp\/v2\/tags?post=4115"}],"curies":[{"name":"wp","href":"https:\/\/api.w.org\/{rel}","templated":true}]}}