{"id":4205,"date":"2020-02-28T02:04:05","date_gmt":"2020-02-28T02:04:05","guid":{"rendered":"https:\/\/oparanews.com.br\/?p=4205"},"modified":"2020-02-28T02:04:05","modified_gmt":"2020-02-28T02:04:05","slug":"crb-perde-para-o-vitoria-pela-copa-do-nordeste-2-a-1","status":"publish","type":"post","link":"https:\/\/www.oparanews.com.br\/index.php\/2020\/02\/28\/crb-perde-para-o-vitoria-pela-copa-do-nordeste-2-a-1\/","title":{"rendered":"CRB perde para o Vit\u00f3ria pela Copa do Nordeste: 2 a 1"},"content":{"rendered":"<p>O CRB se deu mal e perdeu por 2 a 1 para o Vit\u00f3ria, em jogo na noite dessa quinta-feira (27), no Est\u00e1dio Manoel Barradas, o Barrad\u00e3o, pela 5\u00aa rodada da Copa do Nordeste. Os gols do Vit\u00f3ria foram marcados por L\u00e9o Cear\u00e1 e Alisson Farias, ambos ex-CRB. E o Galo marcou com Xand\u00e3o.<\/p>\n<p>Com este resultado, o CRB segue com cinco pontos e na quinta posi\u00e7\u00e3o do Grupo A. Galo perdeu tamb\u00e9m a invencibilidade de oito jogos nesta temporada. J\u00e1 o Vit\u00f3ria, no Grupo B, passa a nove pontos e assume a vice-lideran\u00e7a em seu grupo.<\/p>\n<p>O pr\u00f3ximo advers\u00e1rio do time regatiano pelo Nordest\u00e3o ser\u00e1 o N\u00e1utico, no dia 4 de mar\u00e7o (quarta-feira que vem), \u00e0s 19h30, no Rei Pel\u00e9. E o Vit\u00f3ria vai encarar o ABC-RN, no domingo (8), no Frasqueir\u00e3o, \u00e0s 18 horas.<\/p>\n<p><strong>por Fernanda Medeiros\/Gazetaweb<\/strong><\/p>\n<p>&nbsp;<\/p>\n","protected":false},"excerpt":{"rendered":"<p>O CRB se deu mal e perdeu por 2 a 1 para o Vit\u00f3ria, em jogo na noite dessa quinta-feira (27), no Est\u00e1dio Manoel Barradas, o Barrad\u00e3o, pela 5\u00aa rodada da Copa do Nordeste. Os gols do Vit\u00f3ria foram marcados por L\u00e9o Cear\u00e1 e Alisson Farias, ambos ex-CRB. E o Galo marcou com Xand\u00e3o. Com &hellip;<\/p>\n","protected":false},"author":1,"featured_media":4206,"comment_status":"open","ping_status":"open","sticky":false,"template":"","format":"standard","meta":{"_jetpack_memberships_contains_paid_content":false,"footnotes":""},"categories":[1],"tags":[],"class_list":["post-4205","post","type-post","status-publish","format-standard","has-post-thumbnail","hentry","category-destaque"],"jetpack_featured_media_url":"","jetpack_sharing_enabled":true,"_links":{"self":[{"href":"https:\/\/www.oparanews.com.br\/index.php\/wp-json\/wp\/v2\/posts\/4205","targetHints":{"allow":["GET"]}}],"collection":[{"href":"https:\/\/www.oparanews.com.br\/index.php\/wp-json\/wp\/v2\/posts"}],"about":[{"href":"https:\/\/www.oparanews.com.br\/index.php\/wp-json\/wp\/v2\/types\/post"}],"author":[{"embeddable":true,"href":"https:\/\/www.oparanews.com.br\/index.php\/wp-json\/wp\/v2\/users\/1"}],"replies":[{"embeddable":true,"href":"https:\/\/www.oparanews.com.br\/index.php\/wp-json\/wp\/v2\/comments?post=4205"}],"version-history":[{"count":0,"href":"https:\/\/www.oparanews.com.br\/index.php\/wp-json\/wp\/v2\/posts\/4205\/revisions"}],"wp:featuredmedia":[{"embeddable":true,"href":"https:\/\/www.oparanews.com.br\/index.php\/wp-json\/"}],"wp:attachment":[{"href":"https:\/\/www.oparanews.com.br\/index.php\/wp-json\/wp\/v2\/media?parent=4205"}],"wp:term":[{"taxonomy":"category","embeddable":true,"href":"https:\/\/www.oparanews.com.br\/index.php\/wp-json\/wp\/v2\/categories?post=4205"},{"taxonomy":"post_tag","embeddable":true,"href":"https:\/\/www.oparanews.com.br\/index.php\/wp-json\/wp\/v2\/tags?post=4205"}],"curies":[{"name":"wp","href":"https:\/\/api.w.org\/{rel}","templated":true}]}}