{"id":4258,"date":"2020-02-28T12:05:48","date_gmt":"2020-02-28T12:05:48","guid":{"rendered":"https:\/\/oparanews.com.br\/?p=4258"},"modified":"2020-02-28T12:05:48","modified_gmt":"2020-02-28T12:05:48","slug":"lula-vai-receber-titulo-de-cidadao-honorario-de-paris-2","status":"publish","type":"post","link":"https:\/\/www.oparanews.com.br\/index.php\/2020\/02\/28\/lula-vai-receber-titulo-de-cidadao-honorario-de-paris-2\/","title":{"rendered":"Lula vai receber t\u00edtulo de cidad\u00e3o honor\u00e1rio de Paris"},"content":{"rendered":"<p>O ex-presidente Luiz In\u00e1cio Lula da Silva deve viajar \u00e0 Europa na pr\u00f3xima semana para atos na Fran\u00e7a, Su\u00ed\u00e7a e Alemanha. Na capital francesa, Lula receber\u00e1 o t\u00edtulo de cidad\u00e3o honor\u00e1rio da cidade. De acordo com o site oficial do ex-presidente, a homenagem ser\u00e1 concedida pela prefeita de Paris, Anne Hidalgo, por conta do trabalho de Lula contra a fome e a mis\u00e9ria. Na pr\u00f3xima ter\u00e7a-feira (3), o petista vai participar do \u201cFestival Lula Livre\u201d, evento que vai contar com a presen\u00e7a da ex-presidente Dilma Rousseff (PT) e o ex-prefeito de S\u00e3o Paulo Fernando Haddad (PT).<\/p>\n<p>J\u00e1 na sexta-feira (6) da pr\u00f3xima semana, o ex-presidente estar\u00e1 em Genebra, na Su\u00ed\u00e7a, para uma reuni\u00e3o com representantes do Conselho Mundial das Igrejas (CMI), o qual \u00e9 composto por 340 igrejas de 120 pa\u00edses. Al\u00e9m deste compromisso em territ\u00f3rio su\u00ed\u00e7o, Lula tamb\u00e9m participar\u00e1 de encontro com representantes de sindicatos.<\/p>\n<p>Por \u00faltimo, o ex-presidente vai \u00e0 capital alem\u00e3 para se reunir com l\u00edderes sindicais e pol\u00edticos. No pr\u00f3ximo dia nove de mar\u00e7o, Lula estar\u00e1 no \u201cEncontro em Defesa da Democracia no Brasil\u201d, um ato p\u00fablico com representantes internacionais da campanha \u201cLula Livre\u201d.<\/p>\n<p>As viagens foram autorizadas pelo governo Jair Bolsonaro (sem partido), o secret\u00e1rio-executivo do atual presidente, Ant\u00f4nio Carlos Paiva Futuro, deu anu\u00eancia para os servidores Carlos Eduardo Rodrigues Filh e Misael Melo da Silva acompanharem o ex-presidente.<\/p>\n<p>&nbsp;<\/p>\n<p><strong>Fonte: ISTO\u00c9<\/strong><\/p>\n<p>&nbsp;<\/p>\n","protected":false},"excerpt":{"rendered":"<p>O ex-presidente Luiz In\u00e1cio Lula da Silva deve viajar \u00e0 Europa na pr\u00f3xima semana para atos na Fran\u00e7a, Su\u00ed\u00e7a e Alemanha. Na capital francesa, Lula receber\u00e1 o t\u00edtulo de cidad\u00e3o honor\u00e1rio da cidade. De acordo com o site oficial do ex-presidente, a homenagem ser\u00e1 concedida pela prefeita de Paris, Anne Hidalgo, por conta do trabalho &hellip;<\/p>\n","protected":false},"author":1,"featured_media":4197,"comment_status":"open","ping_status":"open","sticky":false,"template":"","format":"standard","meta":{"_jetpack_memberships_contains_paid_content":false,"footnotes":""},"categories":[1],"tags":[],"class_list":["post-4258","post","type-post","status-publish","format-standard","has-post-thumbnail","hentry","category-destaque"],"jetpack_featured_media_url":"","jetpack_sharing_enabled":true,"_links":{"self":[{"href":"https:\/\/www.oparanews.com.br\/index.php\/wp-json\/wp\/v2\/posts\/4258","targetHints":{"allow":["GET"]}}],"collection":[{"href":"https:\/\/www.oparanews.com.br\/index.php\/wp-json\/wp\/v2\/posts"}],"about":[{"href":"https:\/\/www.oparanews.com.br\/index.php\/wp-json\/wp\/v2\/types\/post"}],"author":[{"embeddable":true,"href":"https:\/\/www.oparanews.com.br\/index.php\/wp-json\/wp\/v2\/users\/1"}],"replies":[{"embeddable":true,"href":"https:\/\/www.oparanews.com.br\/index.php\/wp-json\/wp\/v2\/comments?post=4258"}],"version-history":[{"count":0,"href":"https:\/\/www.oparanews.com.br\/index.php\/wp-json\/wp\/v2\/posts\/4258\/revisions"}],"wp:featuredmedia":[{"embeddable":true,"href":"https:\/\/www.oparanews.com.br\/index.php\/wp-json\/"}],"wp:attachment":[{"href":"https:\/\/www.oparanews.com.br\/index.php\/wp-json\/wp\/v2\/media?parent=4258"}],"wp:term":[{"taxonomy":"category","embeddable":true,"href":"https:\/\/www.oparanews.com.br\/index.php\/wp-json\/wp\/v2\/categories?post=4258"},{"taxonomy":"post_tag","embeddable":true,"href":"https:\/\/www.oparanews.com.br\/index.php\/wp-json\/wp\/v2\/tags?post=4258"}],"curies":[{"name":"wp","href":"https:\/\/api.w.org\/{rel}","templated":true}]}}