{"id":4276,"date":"2020-02-28T18:23:15","date_gmt":"2020-02-28T18:23:15","guid":{"rendered":"https:\/\/oparanews.com.br\/?p=4276"},"modified":"2020-02-28T18:23:15","modified_gmt":"2020-02-28T18:23:15","slug":"vereadores-buscam-solucao-para-registro-de-ocorrencias-na-delegacia-da-pc-em-penedo","status":"publish","type":"post","link":"https:\/\/www.oparanews.com.br\/index.php\/2020\/02\/28\/vereadores-buscam-solucao-para-registro-de-ocorrencias-na-delegacia-da-pc-em-penedo\/","title":{"rendered":"Vereadores buscam solu\u00e7\u00e3o para registro de ocorr\u00eancias na Delegacia da PC em Penedo"},"content":{"rendered":"<p>Penedo \u00e9 sede de uma delegacia regional da Pol\u00edcia Civil, unidade que integra o sistema de responsabilidade da Secretaria de Seguran\u00e7a P\u00fablica (SSP) do governo de Alagoas. Apesar disso, o distrito policial passou a funcionar, em regime de plant\u00e3o, apenas \u00e0s ter\u00e7as e quartas-feiras.<\/p>\n<p>A modifica\u00e7\u00e3o efetivada pela SSP\/AL estabelece que, nos demais dias da semana, qualquer Boletim de Ocorr\u00eancia dever\u00e1 ser formalizado na delegacia de S\u00e3o Miguel dos Campos, cidade situada a praticamente 110 quil\u00f4metros de Penedo.<\/p>\n<p>Por conta dos transtornos gerados pela medida, tanto para a popula\u00e7\u00e3o quanto para os agentes da seguran\u00e7a p\u00fablica, os vereadores est\u00e3o se articulando juntos aos deputados estaduais de sua base partid\u00e1ria para agendar uma audi\u00eancia com a c\u00fapula da SSP\/AL.<\/p>\n<p>O objetivo do requerimento apresentado pelo Vereador J\u00fanior do T\u00f3 (Ant\u00f4nio de Figueiredo Barbosa J\u00fanior) que recebeu assinatura de todos os membros do Poder Legislativo Municipal \u00e9 retomar o funcionamento normal do atendimento ao p\u00fablico na Delegacia da Pol\u00edcia Civil em Penedo.<\/p>\n<p>&nbsp;<\/p>\n<p><strong>Fonte: Assessoria &#8211; CMP<\/strong><\/p>\n<p>&nbsp;<\/p>\n","protected":false},"excerpt":{"rendered":"<p>Penedo \u00e9 sede de uma delegacia regional da Pol\u00edcia Civil, unidade que integra o sistema de responsabilidade da Secretaria de Seguran\u00e7a P\u00fablica (SSP) do governo de Alagoas. Apesar disso, o distrito policial passou a funcionar, em regime de plant\u00e3o, apenas \u00e0s ter\u00e7as e quartas-feiras. A modifica\u00e7\u00e3o efetivada pela SSP\/AL estabelece que, nos demais dias da &hellip;<\/p>\n","protected":false},"author":1,"featured_media":4277,"comment_status":"open","ping_status":"open","sticky":false,"template":"","format":"standard","meta":{"_jetpack_memberships_contains_paid_content":false,"footnotes":""},"categories":[1],"tags":[],"class_list":["post-4276","post","type-post","status-publish","format-standard","has-post-thumbnail","hentry","category-destaque"],"jetpack_featured_media_url":"","jetpack_sharing_enabled":true,"_links":{"self":[{"href":"https:\/\/www.oparanews.com.br\/index.php\/wp-json\/wp\/v2\/posts\/4276","targetHints":{"allow":["GET"]}}],"collection":[{"href":"https:\/\/www.oparanews.com.br\/index.php\/wp-json\/wp\/v2\/posts"}],"about":[{"href":"https:\/\/www.oparanews.com.br\/index.php\/wp-json\/wp\/v2\/types\/post"}],"author":[{"embeddable":true,"href":"https:\/\/www.oparanews.com.br\/index.php\/wp-json\/wp\/v2\/users\/1"}],"replies":[{"embeddable":true,"href":"https:\/\/www.oparanews.com.br\/index.php\/wp-json\/wp\/v2\/comments?post=4276"}],"version-history":[{"count":0,"href":"https:\/\/www.oparanews.com.br\/index.php\/wp-json\/wp\/v2\/posts\/4276\/revisions"}],"wp:featuredmedia":[{"embeddable":true,"href":"https:\/\/www.oparanews.com.br\/index.php\/wp-json\/"}],"wp:attachment":[{"href":"https:\/\/www.oparanews.com.br\/index.php\/wp-json\/wp\/v2\/media?parent=4276"}],"wp:term":[{"taxonomy":"category","embeddable":true,"href":"https:\/\/www.oparanews.com.br\/index.php\/wp-json\/wp\/v2\/categories?post=4276"},{"taxonomy":"post_tag","embeddable":true,"href":"https:\/\/www.oparanews.com.br\/index.php\/wp-json\/wp\/v2\/tags?post=4276"}],"curies":[{"name":"wp","href":"https:\/\/api.w.org\/{rel}","templated":true}]}}