{"id":4848,"date":"2020-03-25T15:53:22","date_gmt":"2020-03-25T15:53:22","guid":{"rendered":"https:\/\/oparanews.com.br\/?p=4848"},"modified":"2020-03-25T15:53:22","modified_gmt":"2020-03-25T15:53:22","slug":"sergipana-vitima-de-coronavirus-foi-cremada-em-sao-paulo","status":"publish","type":"post","link":"https:\/\/www.oparanews.com.br\/index.php\/2020\/03\/25\/sergipana-vitima-de-coronavirus-foi-cremada-em-sao-paulo\/","title":{"rendered":"Sergipana v\u00edtima de coronav\u00edrus foi cremada em S\u00e3o Paulo"},"content":{"rendered":"<p>Sergipe foi surpreendido com a morte da lagartense, Samantha Farias, v\u00edtima do novo coronav\u00edrus, ocorrida em S\u00e3o Paulo.<\/p>\n<p>Como tem sido adotada na maior parte do mundo e recomendada pela Organiza\u00e7\u00e3o Mundial da Sa\u00fade (OMS), a lagartense foi cremada em uma cerim\u00f4nia mais r\u00e1pida que o habitual em uma funer\u00e1ria de S\u00e3o Paulo, onde suas cinzas permanecer\u00e3o.<\/p>\n<p>A medida visa evitar a contamina\u00e7\u00e3o de familiares e amigos em eventual vel\u00f3rio e enterro.<\/p>\n<p><strong>Fonte NE Noticias<\/strong><\/p>\n<p>&nbsp;<\/p>\n","protected":false},"excerpt":{"rendered":"<p>Sergipe foi surpreendido com a morte da lagartense, Samantha Farias, v\u00edtima do novo coronav\u00edrus, ocorrida em S\u00e3o Paulo. Como tem sido adotada na maior parte do mundo e recomendada pela Organiza\u00e7\u00e3o Mundial da Sa\u00fade (OMS), a lagartense foi cremada em uma cerim\u00f4nia mais r\u00e1pida que o habitual em uma funer\u00e1ria de S\u00e3o Paulo, onde suas &hellip;<\/p>\n","protected":false},"author":1,"featured_media":4849,"comment_status":"open","ping_status":"open","sticky":false,"template":"","format":"standard","meta":{"_jetpack_memberships_contains_paid_content":false,"footnotes":""},"categories":[1],"tags":[],"class_list":["post-4848","post","type-post","status-publish","format-standard","has-post-thumbnail","hentry","category-destaque"],"jetpack_featured_media_url":"","jetpack_sharing_enabled":true,"_links":{"self":[{"href":"https:\/\/www.oparanews.com.br\/index.php\/wp-json\/wp\/v2\/posts\/4848","targetHints":{"allow":["GET"]}}],"collection":[{"href":"https:\/\/www.oparanews.com.br\/index.php\/wp-json\/wp\/v2\/posts"}],"about":[{"href":"https:\/\/www.oparanews.com.br\/index.php\/wp-json\/wp\/v2\/types\/post"}],"author":[{"embeddable":true,"href":"https:\/\/www.oparanews.com.br\/index.php\/wp-json\/wp\/v2\/users\/1"}],"replies":[{"embeddable":true,"href":"https:\/\/www.oparanews.com.br\/index.php\/wp-json\/wp\/v2\/comments?post=4848"}],"version-history":[{"count":0,"href":"https:\/\/www.oparanews.com.br\/index.php\/wp-json\/wp\/v2\/posts\/4848\/revisions"}],"wp:featuredmedia":[{"embeddable":true,"href":"https:\/\/www.oparanews.com.br\/index.php\/wp-json\/"}],"wp:attachment":[{"href":"https:\/\/www.oparanews.com.br\/index.php\/wp-json\/wp\/v2\/media?parent=4848"}],"wp:term":[{"taxonomy":"category","embeddable":true,"href":"https:\/\/www.oparanews.com.br\/index.php\/wp-json\/wp\/v2\/categories?post=4848"},{"taxonomy":"post_tag","embeddable":true,"href":"https:\/\/www.oparanews.com.br\/index.php\/wp-json\/wp\/v2\/tags?post=4848"}],"curies":[{"name":"wp","href":"https:\/\/api.w.org\/{rel}","templated":true}]}}