{"id":4887,"date":"2020-03-26T02:10:01","date_gmt":"2020-03-26T02:10:01","guid":{"rendered":"https:\/\/oparanews.com.br\/?p=4887"},"modified":"2020-03-26T02:10:01","modified_gmt":"2020-03-26T02:10:01","slug":"barcelona-prepara-a-saida-de-8-jogadores-diz-jornal","status":"publish","type":"post","link":"https:\/\/www.oparanews.com.br\/index.php\/2020\/03\/26\/barcelona-prepara-a-saida-de-8-jogadores-diz-jornal\/","title":{"rendered":"Barcelona prepara a sa\u00edda de 8 jogadores, diz jornal"},"content":{"rendered":"<p>Oito jogadores devem ser negociados pelo Barcelona na pr\u00f3xima janela de transfer\u00eancias, segundo o jornal Sport. De olho nos reflexos da paralisa\u00e7\u00e3o nas competi\u00e7\u00f5es em raz\u00e3o da pandemia de coronav\u00edrus (covid-19), o clube precisar\u00e1 agir para se refor\u00e7ar e v\u00ea nas negocia\u00e7\u00f5es a chance de unir verba. Os principais alvos s\u00e3o Lautaro Mart\u00ednez, da Inter de Mil\u00e3o, e Neymar, do PSG. Mas para contratar ambos, o time de Quique Seti\u00e9n precisar\u00e1 de dinheiro e n\u00e3o poder\u00e1 sofrer com os reflexos de uma crise que se avizinha.<\/p>\n<p>O primeiro do &#8220;pacote&#8221; de sa\u00eddas \u00e9 Arturo Vidal. Longe do time ideal e com contrato at\u00e9 2021, uma nova oportunidade soa positiva para ambas as partes. A ideia inicial \u00e9 envolver o chileno na negocia\u00e7\u00e3o por Mart\u00ednez, o mandando junto a N\u00e9lson Semedo para a Inter de Mil\u00e3o. Dois brasileiros est\u00e3o no grupo. O primeiro \u00e9 o goleiro Neto, que chegou egresso do Valencia em junho de 2019. Ainda que tenha pouco tempo de clube, o plano da dire\u00e7\u00e3o, segundo a publica\u00e7\u00e3o espanhola, j\u00e1 era acertar a transfer\u00eancia dele em um curto espa\u00e7o de tempo. O segundo \u00e9 Philipe Coutinho. Emprestado ao Bayern de Munique, ele n\u00e3o deve permanecer por l\u00e1 ao fim do v\u00ednculo e est\u00e1 na mira do Chelsea. Com ele o clube de Messi e companhia espera levantar uma quantia interessante. Griezmann tamb\u00e9m est\u00e1 na lista dos &#8220;negoci\u00e1veis&#8221;. Ainda que tenha feito gols importantes e esteja presente no time ideal atualmente, o franc\u00eas n\u00e3o \u00e9 visto como prioridade no elenco e poderia abrir espa\u00e7o para as chegadas de Neymar ou do pr\u00f3prio Lautaro Mart\u00ednez. Rakitic tamb\u00e9m j\u00e1 n\u00e3o goza do mesmo prest\u00edgio no grupo. O croata est\u00e1 na mira do Sevilla e tamb\u00e9m n\u00e3o ter\u00e1 negocia\u00e7\u00e3o dificultada. Pelo contr\u00e1rio, o Bar\u00e7a espera completar acordo para investir em outras posi\u00e7\u00f5es. Al\u00e9m disso, a exemplo de Vidal, ele tem contrato pr\u00f3ximo do fim e o clube n\u00e3o quer arriscar a sa\u00edda de gra\u00e7a por meio de um pr\u00e9-contrato.<\/p>\n<p>O zagueiro Umtiti, o atacante Braithwaite e o lateral Junior Firpo completam a rela\u00e7\u00e3o dos jogadores que ter\u00e3o sa\u00edda facilitada do Camp Nou. Ainda segundo o Sport, o Bar\u00e7a pretende a chegada de dois atacantes, um meio-campista, um zagueiro e um lateral esquerdo.<\/p>\n<p><strong>Fonte: UOL<\/strong><\/p>\n<p>&nbsp;<\/p>\n","protected":false},"excerpt":{"rendered":"<p>Oito jogadores devem ser negociados pelo Barcelona na pr\u00f3xima janela de transfer\u00eancias, segundo o jornal Sport. De olho nos reflexos da paralisa\u00e7\u00e3o nas competi\u00e7\u00f5es em raz\u00e3o da pandemia de coronav\u00edrus (covid-19), o clube precisar\u00e1 agir para se refor\u00e7ar e v\u00ea nas negocia\u00e7\u00f5es a chance de unir verba. Os principais alvos s\u00e3o Lautaro Mart\u00ednez, da Inter &hellip;<\/p>\n","protected":false},"author":1,"featured_media":4888,"comment_status":"open","ping_status":"open","sticky":false,"template":"","format":"standard","meta":{"_jetpack_newsletter_access":"","_jetpack_dont_email_post_to_subs":false,"_jetpack_newsletter_tier_id":0,"_jetpack_memberships_contains_paywalled_content":false,"_jetpack_memberships_contains_paid_content":false,"footnotes":""},"categories":[1],"tags":[],"class_list":["post-4887","post","type-post","status-publish","format-standard","has-post-thumbnail","hentry","category-destaque"],"jetpack_sharing_enabled":true,"jetpack_featured_media_url":"","_links":{"self":[{"href":"https:\/\/www.oparanews.com.br\/index.php\/wp-json\/wp\/v2\/posts\/4887","targetHints":{"allow":["GET"]}}],"collection":[{"href":"https:\/\/www.oparanews.com.br\/index.php\/wp-json\/wp\/v2\/posts"}],"about":[{"href":"https:\/\/www.oparanews.com.br\/index.php\/wp-json\/wp\/v2\/types\/post"}],"author":[{"embeddable":true,"href":"https:\/\/www.oparanews.com.br\/index.php\/wp-json\/wp\/v2\/users\/1"}],"replies":[{"embeddable":true,"href":"https:\/\/www.oparanews.com.br\/index.php\/wp-json\/wp\/v2\/comments?post=4887"}],"version-history":[{"count":0,"href":"https:\/\/www.oparanews.com.br\/index.php\/wp-json\/wp\/v2\/posts\/4887\/revisions"}],"wp:attachment":[{"href":"https:\/\/www.oparanews.com.br\/index.php\/wp-json\/wp\/v2\/media?parent=4887"}],"wp:term":[{"taxonomy":"category","embeddable":true,"href":"https:\/\/www.oparanews.com.br\/index.php\/wp-json\/wp\/v2\/categories?post=4887"},{"taxonomy":"post_tag","embeddable":true,"href":"https:\/\/www.oparanews.com.br\/index.php\/wp-json\/wp\/v2\/tags?post=4887"}],"curies":[{"name":"wp","href":"https:\/\/api.w.org\/{rel}","templated":true}]}}