{"id":4908,"date":"2020-03-27T11:44:16","date_gmt":"2020-03-27T11:44:16","guid":{"rendered":"https:\/\/oparanews.com.br\/?p=4908"},"modified":"2020-03-27T11:44:16","modified_gmt":"2020-03-27T11:44:16","slug":"alagoas-tem-casos-suspeitos-de-coronavirus-em-38-municipios","status":"publish","type":"post","link":"https:\/\/www.oparanews.com.br\/index.php\/2020\/03\/27\/alagoas-tem-casos-suspeitos-de-coronavirus-em-38-municipios\/","title":{"rendered":"Alagoas tem casos suspeitos de coronav\u00edrus em 38 munic\u00edpios"},"content":{"rendered":"<p>O novo boletim epidemiol\u00f3gico da Secretaria de Estado da Sa\u00fade (Sesau) aponta que 38 munic\u00edpios de Alagoas t\u00eam casos suspeitos do novo coronav\u00edrus, s\u00e3o 274 pacientes em investiga\u00e7\u00e3o, 67 a maior do do registrado um dia antes. Contudo, n\u00e3o foi confirmado nenhum novo caso, mantendo em 11 a quantidade de pessoas que testaram positivo.<\/p>\n<p>Veja os munic\u00edpios com casos suspeitos e a quantidade em cada um:<\/p>\n<p><strong>Macei\u00f3 &#8211; 184<\/strong><br \/>\n<strong>Arapiraca &#8211; 15<\/strong><br \/>\n<strong>Boca da Mata &#8211; 7<\/strong><br \/>\n<strong>Rio Largo &#8211; 6<\/strong><br \/>\n<strong>Campo Alegre &#8211; 6<\/strong><br \/>\n<strong>Maragogi &#8211; 5<\/strong><br \/>\n<strong>Santana do Ipanema &#8211; 5<\/strong><br \/>\n<strong>Marechal Deodoro &#8211; 3<\/strong><br \/>\n<strong>Palmeira dos \u00cdndios &#8211; 3<\/strong><br \/>\n<strong>Monteir\u00f3polis &#8211; 2<\/strong><br \/>\n<strong>Barra de Santo Ant\u00f4nio &#8211; 2<\/strong><br \/>\n<strong>Cajueiro &#8211; 2<\/strong><br \/>\n<strong>Flexeiras &#8211; 2<\/strong><br \/>\n<strong>Jequi\u00e1 da Praia &#8211; 2<\/strong><br \/>\n<strong>Maravilha &#8211; 2<\/strong><br \/>\n<strong>Mata Grande &#8211; 2<\/strong><br \/>\n<strong>Olho d&#8217;\u00c1gua das Flores &#8211; 2<\/strong><br \/>\n<strong>Ouro Branco &#8211; 2<\/strong><br \/>\n<strong>Po\u00e7o das Trincheiras &#8211; 2<\/strong><br \/>\n<strong>Uni\u00e3o dos Palmares &#8211; 2<\/strong><br \/>\n<strong>Barra de S\u00e3o Miguel &#8211; 1<\/strong><br \/>\n<strong>Bel\u00e9m &#8211; 1<\/strong><br \/>\n<strong>Col\u00f4nia Leopoldina &#8211; 1<\/strong><br \/>\n<strong>Coqueiro Seco &#8211; 1<\/strong><br \/>\n<strong>Ibateguara &#8211; 1<\/strong><br \/>\n<strong>Igaci &#8211; 1<\/strong><br \/>\n<strong>Jacu\u00edpe &#8211; 1<\/strong><br \/>\n<strong>Jundi\u00e1 &#8211; 1<\/strong><br \/>\n<strong>Major Izidoro &#8211; 1<\/strong><br \/>\n<strong>Maribondo &#8211; 1<\/strong><br \/>\n<strong>Paripueira &#8211; 1<\/strong><br \/>\n<strong>Penedo &#8211; 1<\/strong><br \/>\n<strong>Pia\u00e7abu\u00e7u &#8211; 1<\/strong><br \/>\n<strong>Piranhas &#8211; 1<\/strong><br \/>\n<strong>S\u00e3o Jos\u00e9 da Tapera &#8211; 1<\/strong><br \/>\n<strong>S\u00e3o Miguel dos Campos &#8211; 1<\/strong><br \/>\n<strong>Satuba &#8211; 1<\/strong><br \/>\n<strong>Teotonio Viela 1<\/strong><\/p>\n<p>Os novos dados revelam ainda que o Laborat\u00f3rio Central de Alagoas (Lacen), onde os testes s\u00e3o feitos, j\u00e1 descartou 178 casos suspeitos de Covid-19, doen\u00e7a causada pelo novo coronav\u00edrus.<\/p>\n<p>Dos 11 casos confirmados, apenas um \u00e9 do interior, no munic\u00edpio de Porto Real do Col\u00e9gio. O restante \u00e9 de pacientes de Macei\u00f3.<\/p>\n<p>Medidas para amenizar a crise causada pela pandemia<\/p>\n<p>Durante a divulga\u00e7\u00e3o dos dados do novo boletim epidemiol\u00f3gico, o governador de Alagoas, Renan Filho (MDB), informou que os munic\u00edpios alagoanos v\u00e3o receber R$ 9 milh\u00f5es para enfrentamento ao coronav\u00edrus.<\/p>\n<p>Al\u00e9m disso, tamb\u00e9m mais duas medidas, antecipa\u00e7\u00e3o do 13\u00ba de servidores estaduais aposentados da 1\u00aa faixa e a aquisi\u00e7\u00e3o de cestas b\u00e1sicas para cerca de 1 milh\u00e3o de alagoanos que dependem de aux\u00edlio neste momento.<\/p>\n<p>&#8220;Decidi adquirir cestas b\u00e1sicas para fortalecer a seguran\u00e7a alimentar nesse per\u00edodo de dificuldade, para que a gente minimize os efeitos dessa crise, sobretudo dos mais pobres&#8221;, afirmou o governador.<\/p>\n<p>&nbsp;<\/p>\n<p><strong>Fonte: G1\/AL<\/strong><\/p>\n<p>&nbsp;<\/p>\n","protected":false},"excerpt":{"rendered":"<p>O novo boletim epidemiol\u00f3gico da Secretaria de Estado da Sa\u00fade (Sesau) aponta que 38 munic\u00edpios de Alagoas t\u00eam casos suspeitos do novo coronav\u00edrus, s\u00e3o 274 pacientes em investiga\u00e7\u00e3o, 67 a maior do do registrado um dia antes. Contudo, n\u00e3o foi confirmado nenhum novo caso, mantendo em 11 a quantidade de pessoas que testaram positivo. Veja &hellip;<\/p>\n","protected":false},"author":1,"featured_media":4909,"comment_status":"open","ping_status":"open","sticky":false,"template":"","format":"standard","meta":{"_jetpack_newsletter_access":"","_jetpack_dont_email_post_to_subs":false,"_jetpack_newsletter_tier_id":0,"_jetpack_memberships_contains_paywalled_content":false,"_jetpack_memberships_contains_paid_content":false,"footnotes":""},"categories":[1],"tags":[],"class_list":["post-4908","post","type-post","status-publish","format-standard","has-post-thumbnail","hentry","category-destaque"],"jetpack_sharing_enabled":true,"jetpack_featured_media_url":"","_links":{"self":[{"href":"https:\/\/www.oparanews.com.br\/index.php\/wp-json\/wp\/v2\/posts\/4908","targetHints":{"allow":["GET"]}}],"collection":[{"href":"https:\/\/www.oparanews.com.br\/index.php\/wp-json\/wp\/v2\/posts"}],"about":[{"href":"https:\/\/www.oparanews.com.br\/index.php\/wp-json\/wp\/v2\/types\/post"}],"author":[{"embeddable":true,"href":"https:\/\/www.oparanews.com.br\/index.php\/wp-json\/wp\/v2\/users\/1"}],"replies":[{"embeddable":true,"href":"https:\/\/www.oparanews.com.br\/index.php\/wp-json\/wp\/v2\/comments?post=4908"}],"version-history":[{"count":0,"href":"https:\/\/www.oparanews.com.br\/index.php\/wp-json\/wp\/v2\/posts\/4908\/revisions"}],"wp:attachment":[{"href":"https:\/\/www.oparanews.com.br\/index.php\/wp-json\/wp\/v2\/media?parent=4908"}],"wp:term":[{"taxonomy":"category","embeddable":true,"href":"https:\/\/www.oparanews.com.br\/index.php\/wp-json\/wp\/v2\/categories?post=4908"},{"taxonomy":"post_tag","embeddable":true,"href":"https:\/\/www.oparanews.com.br\/index.php\/wp-json\/wp\/v2\/tags?post=4908"}],"curies":[{"name":"wp","href":"https:\/\/api.w.org\/{rel}","templated":true}]}}