{"id":4911,"date":"2020-03-28T00:31:25","date_gmt":"2020-03-28T00:31:25","guid":{"rendered":"https:\/\/oparanews.com.br\/?p=4911"},"modified":"2020-03-28T00:31:25","modified_gmt":"2020-03-28T00:31:25","slug":"aposentados-e-pensionistas-da-1a-faixa-receberao-decimo-terceiro-no-dia-05-de-abril","status":"publish","type":"post","link":"https:\/\/www.oparanews.com.br\/index.php\/2020\/03\/28\/aposentados-e-pensionistas-da-1a-faixa-receberao-decimo-terceiro-no-dia-05-de-abril\/","title":{"rendered":"Aposentados e pensionistas da 1\u00aa faixa receber\u00e3o d\u00e9cimo terceiro no dia 05 de abril"},"content":{"rendered":"<p>O governador Renan Filho anunciou a antecipa\u00e7\u00e3o do 13\u00ba sal\u00e1rio de aposentados e pensionistas da primeira faixa para o dia 05 de abril. A iniciativa contemplar\u00e1 aproximadamente 15 mil servidores inativos e pensionistas e tem o objetivo de minimizar os efeitos do novo coronav\u00edrus sobre essa parcela da popula\u00e7\u00e3o alagoana que se enquadra no grupo de risco da doen\u00e7a Covid-19.<\/p>\n<p>A antecipa\u00e7\u00e3o do 13\u00ba sal\u00e1rio pretende, ainda, movimentar a economia alagoana nesse momento de isolamento social da popula\u00e7\u00e3o. \u201cIsso tamb\u00e9m ajuda um grupo de risco, que \u00e9 o servidor aposentado, e ajuda a fortalecer a atividade econ\u00f4mica do estado, garantindo circula\u00e7\u00e3o de novos recursos em Alagoas\u201d, explicou o governador.<\/p>\n<p>Al\u00e9m disso, tamb\u00e9m ser\u00e1 adiantado o pagamento dos servidores da primeira faixa referente ao m\u00eas de mar\u00e7o para esta sexta-feira (27). Ser\u00e3o contemplados os funcion\u00e1rios p\u00fablicos que possuem vencimentos de at\u00e9 R$ 2.562,00. \u201cNosso trabalho \u00e9 sempre com transpar\u00eancia, responsabilidade e compromisso com o cidad\u00e3o alagoano. Trabalhamos num esfor\u00e7o fiscal cont\u00ednuo, otimizando a arrecada\u00e7\u00e3o e a gest\u00e3o de recursos financeiros\u201d, frisa o secret\u00e1rio da Fazenda, George Santoro.<\/p>\n<p>O secret\u00e1rio da Fazenda orienta os servidores para evitar aglomera\u00e7\u00f5es em ag\u00eancias banc\u00e1rias. Refor\u00e7a ainda a necessidade de isolamento, devido \u00e0 Covid-19, considerando a classifica\u00e7\u00e3o de pandemia pela Organiza\u00e7\u00e3o Mundial de Sa\u00fade (OMS), sugerindo utilizar os canais digitais de atendimento, como internet banking, que possibilita pagamentos e transfer\u00eancias, al\u00e9m de outras funcionalidades.<\/p>\n<p>Vale destacar que apenas servi\u00e7os essenciais devem ser feitos nas ag\u00eancias, como saques sem cart\u00e3o e\/ou senha; pagamento de FGTS, PIS, Abono, INSS, Seguro desemprego, Seguro Defeso e Bolsa Fam\u00edlia sem cart\u00e3o e\/ou senha; desbloqueio de senha e cart\u00e3o.<\/p>\n<p><strong>Fonte: Ag\u00eancia Alagoas<\/strong><\/p>\n<p>&nbsp;<\/p>\n","protected":false},"excerpt":{"rendered":"<p>O governador Renan Filho anunciou a antecipa\u00e7\u00e3o do 13\u00ba sal\u00e1rio de aposentados e pensionistas da primeira faixa para o dia 05 de abril. A iniciativa contemplar\u00e1 aproximadamente 15 mil servidores inativos e pensionistas e tem o objetivo de minimizar os efeitos do novo coronav\u00edrus sobre essa parcela da popula\u00e7\u00e3o alagoana que se enquadra no grupo &hellip;<\/p>\n","protected":false},"author":1,"featured_media":4912,"comment_status":"open","ping_status":"open","sticky":false,"template":"","format":"standard","meta":{"_jetpack_newsletter_access":"","_jetpack_dont_email_post_to_subs":false,"_jetpack_newsletter_tier_id":0,"_jetpack_memberships_contains_paywalled_content":false,"_jetpack_memberships_contains_paid_content":false,"footnotes":""},"categories":[1],"tags":[],"class_list":["post-4911","post","type-post","status-publish","format-standard","has-post-thumbnail","hentry","category-destaque"],"jetpack_sharing_enabled":true,"jetpack_featured_media_url":"","_links":{"self":[{"href":"https:\/\/www.oparanews.com.br\/index.php\/wp-json\/wp\/v2\/posts\/4911","targetHints":{"allow":["GET"]}}],"collection":[{"href":"https:\/\/www.oparanews.com.br\/index.php\/wp-json\/wp\/v2\/posts"}],"about":[{"href":"https:\/\/www.oparanews.com.br\/index.php\/wp-json\/wp\/v2\/types\/post"}],"author":[{"embeddable":true,"href":"https:\/\/www.oparanews.com.br\/index.php\/wp-json\/wp\/v2\/users\/1"}],"replies":[{"embeddable":true,"href":"https:\/\/www.oparanews.com.br\/index.php\/wp-json\/wp\/v2\/comments?post=4911"}],"version-history":[{"count":0,"href":"https:\/\/www.oparanews.com.br\/index.php\/wp-json\/wp\/v2\/posts\/4911\/revisions"}],"wp:attachment":[{"href":"https:\/\/www.oparanews.com.br\/index.php\/wp-json\/wp\/v2\/media?parent=4911"}],"wp:term":[{"taxonomy":"category","embeddable":true,"href":"https:\/\/www.oparanews.com.br\/index.php\/wp-json\/wp\/v2\/categories?post=4911"},{"taxonomy":"post_tag","embeddable":true,"href":"https:\/\/www.oparanews.com.br\/index.php\/wp-json\/wp\/v2\/tags?post=4911"}],"curies":[{"name":"wp","href":"https:\/\/api.w.org\/{rel}","templated":true}]}}