{"id":4920,"date":"2020-03-28T00:44:43","date_gmt":"2020-03-28T00:44:43","guid":{"rendered":"https:\/\/oparanews.com.br\/?p=4920"},"modified":"2020-03-28T00:44:43","modified_gmt":"2020-03-28T00:44:43","slug":"sobe-para-12-o-numero-de-casos-confirmados-de-coronavirus-em-alagoas","status":"publish","type":"post","link":"https:\/\/www.oparanews.com.br\/index.php\/2020\/03\/28\/sobe-para-12-o-numero-de-casos-confirmados-de-coronavirus-em-alagoas\/","title":{"rendered":"Sobe para 12 o n\u00famero de casos confirmados de coronav\u00edrus em Alagoas"},"content":{"rendered":"<p>Alagoas confirmou mais um caso do novo coronav\u00edrus, fazendo subir para 12 a quantidade de pacientes que testaram positivo no estado. A informa\u00e7\u00e3o consta no novo boletim epidemiol\u00f3gico divulgado nesta sexta-feira (27) pela Secretaria da Sa\u00fade (Sesau).<\/p>\n<p>Dos casos confirmados, 11 s\u00e3o de Macei\u00f3 e 1 de Porto Real do Col\u00e9gio. A maioria segue em tratamento domiciliar, um foi curado e dois pacientes est\u00e3o hospitalizados, mas n\u00e3o em estado grave.<\/p>\n<p>&#8220;S\u00e3o duas pessoas hospitalizadas, mas fora do tratamento intensivo. Temos outras pessoas hospitalizadas, mas que ainda n\u00e3o sa\u00edram os resultados [dos testes para coronav\u00edrus]&#8221;, esclareceu o secret\u00e1rio da Sa\u00fade, Alexandre Ayres.<\/p>\n<p>Os casos em investiga\u00e7\u00e3o agora s\u00e3o 302, em 43 munic\u00edpios. At\u00e9 quinta (26), eram 274 casos suspeitos. O Laborat\u00f3rio Central de Alagoas (Lacen) j\u00e1 descartou 224 casos.<\/p>\n<p>Veja abaixo os munic\u00edpios e a quantidade de casos suspeitos em cada um:<\/p>\n<p><strong>Macei\u00f3 &#8211; 192<\/strong><br \/>\n<strong>Arapiraca &#8211; 19<\/strong><br \/>\n<strong>Boca da Mata &#8211; 15<\/strong><br \/>\n<strong>Campo Alegre &#8211; 6<\/strong><br \/>\n<strong>Rio Largo &#8211; 6<\/strong><br \/>\n<strong>Maragogi &#8211; 5<\/strong><br \/>\n<strong>Santana do Ipanema &#8211; 5<\/strong><br \/>\n<strong>Marechal Deodoro &#8211; 3<\/strong><br \/>\n<strong>Maravilha &#8211; 3<\/strong><br \/>\n<strong>Satuba &#8211; 3<\/strong><br \/>\n<strong>Palmeira dos \u00cdndios &#8211; 3<\/strong><br \/>\n<strong>Flexeiras &#8211; 2<\/strong><br \/>\n<strong>Jequi\u00e1 da Praia &#8211; 2<\/strong><br \/>\n<strong>Cajueiro &#8211; 2<\/strong><br \/>\n<strong>Mata Grande &#8211; 2<\/strong><br \/>\n<strong>Ouro Branco &#8211; 2<\/strong><br \/>\n<strong>Olho d&#8217;\u00c1gua das Flores &#8211; 2<\/strong><br \/>\n<strong>Monteir\u00f3polis &#8211; 2<\/strong><br \/>\n<strong>Piranhas &#8211; 2<\/strong><br \/>\n<strong>Po\u00e7o das Trincheiras &#8211; 2<\/strong><br \/>\n<strong>Uni\u00e3o dos Palmares &#8211; 2<\/strong><br \/>\n<strong>Barra de Santo Ant\u00f4nio &#8211; 1<\/strong><br \/>\n<strong>Barra de S\u00e3o Miguel &#8211; 1<\/strong><br \/>\n<strong>S\u00e3o Miguel dos Campos &#8211; 1<\/strong><br \/>\n<strong>Bel\u00e9m &#8211; 1<\/strong><br \/>\n<strong>Col\u00f4nia Leopoldina &#8211; 1<\/strong><br \/>\n<strong>Coqueiro Seco &#8211; 1<\/strong><br \/>\n<strong>Cra\u00edbas &#8211; 1<\/strong><br \/>\n<strong>Delmiro Gouveia &#8211; 1<\/strong><br \/>\n<strong>Feira Grande &#8211; 1<\/strong><br \/>\n<strong>Ibateguara &#8211; 1<\/strong><br \/>\n<strong>Igaci &#8211; 1<\/strong><br \/>\n<strong>Jacu\u00edpe &#8211; 1<\/strong><br \/>\n<strong>Jundi\u00e1 &#8211; 1<\/strong><br \/>\n<strong>Major Izidoro &#8211; 1<\/strong><br \/>\n<strong>Maribondo &#8211; 1<\/strong><br \/>\n<strong>Olho D&#8217;\u00c1gua Grande &#8211; 1<\/strong><br \/>\n<strong>Paripueira &#8211; 1<\/strong><br \/>\n<strong>Penedo &#8211; 1<\/strong><br \/>\n<strong>Pia\u00e7abu\u00e7u &#8211; 1<\/strong><br \/>\n<strong>S\u00e3o Jos\u00e9 da Tapera &#8211; 1<\/strong><br \/>\n<strong>S\u00e3o Br\u00e1s &#8211; 1<\/strong><br \/>\n<strong>Teotonio Viela &#8211; 1<\/strong><\/p>\n<p><strong>Prazo do decreto de emerg\u00eancia<\/strong><\/p>\n<p>Durante a transmiss\u00e3o pela internet para atualizar os casos de coronav\u00edrus, o governador Renan Filho (MDB) tamb\u00e9m falou sobre uma poss\u00edvel renova\u00e7\u00e3o do decreto de emerg\u00eancia, que p\u00f4s o estado em isolamento e termina no domingo (29).<\/p>\n<p>&#8220;Certamente o decreto ir\u00e1 adiante para v\u00e1rias \u00e1reas, as aulas tamb\u00e9m continuar\u00e3o suspensas por um per\u00edodo&#8230; N\u00f3s vamos discutir com os setores produtivos um caminho. Mas o fundamental \u00e9 que os especialistas da \u00e1rea de sa\u00fade entendem que, nesse per\u00edodo, \u00e9 um risco muito grande a gente abrir de maneira geral e irrestrita, porque isso pode ser cobrado em vidas&#8221;, disse o governador.<\/p>\n<p>O secret\u00e1rio Alexandre Ayres tamb\u00e9m refor\u00e7ou a necessidade do isolamento social para frear o avan\u00e7o da Covid-19 no estado.<\/p>\n<p>&#8220;Eu vejo o mercado pressionando muito, mas n\u00f3s temos que ter muito cuidado. Quem est\u00e1 abrindo antes da hora est\u00e1 correndo s\u00e9rio risco e vai pagar esse pre\u00e7o mais na frente&#8221;, disse Ayres.<\/p>\n<p><strong>Fonte: G1\/AL<\/strong><\/p>\n<p>&nbsp;<\/p>\n","protected":false},"excerpt":{"rendered":"<p>Alagoas confirmou mais um caso do novo coronav\u00edrus, fazendo subir para 12 a quantidade de pacientes que testaram positivo no estado. A informa\u00e7\u00e3o consta no novo boletim epidemiol\u00f3gico divulgado nesta sexta-feira (27) pela Secretaria da Sa\u00fade (Sesau). Dos casos confirmados, 11 s\u00e3o de Macei\u00f3 e 1 de Porto Real do Col\u00e9gio. A maioria segue em &hellip;<\/p>\n","protected":false},"author":1,"featured_media":4921,"comment_status":"open","ping_status":"open","sticky":false,"template":"","format":"standard","meta":{"_jetpack_newsletter_access":"","_jetpack_dont_email_post_to_subs":false,"_jetpack_newsletter_tier_id":0,"_jetpack_memberships_contains_paywalled_content":false,"_jetpack_memberships_contains_paid_content":false,"footnotes":""},"categories":[1],"tags":[],"class_list":["post-4920","post","type-post","status-publish","format-standard","has-post-thumbnail","hentry","category-destaque"],"jetpack_sharing_enabled":true,"jetpack_featured_media_url":"","_links":{"self":[{"href":"https:\/\/www.oparanews.com.br\/index.php\/wp-json\/wp\/v2\/posts\/4920","targetHints":{"allow":["GET"]}}],"collection":[{"href":"https:\/\/www.oparanews.com.br\/index.php\/wp-json\/wp\/v2\/posts"}],"about":[{"href":"https:\/\/www.oparanews.com.br\/index.php\/wp-json\/wp\/v2\/types\/post"}],"author":[{"embeddable":true,"href":"https:\/\/www.oparanews.com.br\/index.php\/wp-json\/wp\/v2\/users\/1"}],"replies":[{"embeddable":true,"href":"https:\/\/www.oparanews.com.br\/index.php\/wp-json\/wp\/v2\/comments?post=4920"}],"version-history":[{"count":0,"href":"https:\/\/www.oparanews.com.br\/index.php\/wp-json\/wp\/v2\/posts\/4920\/revisions"}],"wp:attachment":[{"href":"https:\/\/www.oparanews.com.br\/index.php\/wp-json\/wp\/v2\/media?parent=4920"}],"wp:term":[{"taxonomy":"category","embeddable":true,"href":"https:\/\/www.oparanews.com.br\/index.php\/wp-json\/wp\/v2\/categories?post=4920"},{"taxonomy":"post_tag","embeddable":true,"href":"https:\/\/www.oparanews.com.br\/index.php\/wp-json\/wp\/v2\/tags?post=4920"}],"curies":[{"name":"wp","href":"https:\/\/api.w.org\/{rel}","templated":true}]}}