{"id":4927,"date":"2020-03-28T01:48:07","date_gmt":"2020-03-28T01:48:07","guid":{"rendered":"https:\/\/oparanews.com.br\/?p=4927"},"modified":"2020-03-28T01:48:07","modified_gmt":"2020-03-28T01:48:07","slug":"conheca-detalhes-do-auxilio-a-pequenas-e-medias-empresas","status":"publish","type":"post","link":"https:\/\/www.oparanews.com.br\/index.php\/2020\/03\/28\/conheca-detalhes-do-auxilio-a-pequenas-e-medias-empresas\/","title":{"rendered":"Conhe\u00e7a detalhes do aux\u00edlio a pequenas e m\u00e9dias empresas"},"content":{"rendered":"<p>O governo anunciou hoje (27) uma linha de cr\u00e9dito emergencial para ajudar pequenas e m\u00e9dias empresas a quitar a folha de pagamentos. O setor est\u00e1 entre os mais afetados pela crise gerada pela pandemia de covid-19. A estimativa \u00e9 de libera\u00e7\u00e3o de R$ 40 bilh\u00f5es.<\/p>\n<p>O an\u00fancio foi feito em entrevista coletiva, no Pal\u00e1cio do Planalto, com a presen\u00e7a do presidente Jair Bolsonaro. Segundo o presidente, al\u00e9m da preocupa\u00e7\u00e3o com a dissemina\u00e7\u00e3o do coronav\u00edrus e os efeitos da doen\u00e7a, \u00e9 preciso garantir empregos para a popula\u00e7\u00e3o. \u201cDevemos diminuir a altura dessas duas ondas [da infec\u00e7\u00e3o e do desemprego]\u201d, disse.<\/p>\n<p>A medida deve beneficiar 1,4 milh\u00e3o de empresas, atingindo 12,2 milh\u00f5es de trabalhadores. O cr\u00e9dito ser\u00e1 destinado a empresas com faturamento anual entre R$ 360 mil a R$ 10 milh\u00f5es e vai financiar dois meses da folha de pagamento, com volume de R$ 20 bilh\u00f5es por m\u00eas.<\/p>\n<p>Segundo o presidente do Banco Central (BC), Roberto Campos Neto, a medida ser\u00e1 operacionalizada pelo Banco Nacional de Desenvolvimento Econ\u00f4mico e Social (BNDES), em parceria com os bancos privados. O limite de financiamento \u00e9 de dois sal\u00e1rios m\u00ednimos. Ou seja, se o trabalhador ganha mais de dois sal\u00e1rios m\u00ednimos, a empresa ter\u00e1 que complementar o sal\u00e1rio.<\/p>\n<p>Ao contratar o cr\u00e9dito, a empresa assume o compromisso de que n\u00e3o demitir o funcion\u00e1rio nesse per\u00edodo de dois meses. \u201cA empresa fecha o contrato, e o dinheiro vai direto para o funcion\u00e1rio. A empresa fica s\u00f3 com a d\u00edvida\u201d, disse Campos Neto, explicando que os recursos n\u00e3o passar\u00e3o pela conta da empresa.<\/p>\n<p>A taxa de juros ser\u00e1 de 3,75% ao ano (atual taxa Selic). Do total a ser liberado por m\u00eas (R$ 20 bilh\u00f5es), R$ 17 bilh\u00f5es ser\u00e3o recursos do Tesouro Nacional e R$ 3 bilh\u00f5es dos bancos privados. Ser\u00e3o seis meses de car\u00eancia e 36 meses para o pagamento.<\/p>\n<p>\u201cO Tesouro disponibiliza os recursos, aplica os subs\u00eddios e fica com as perdas e ganhos das opera\u00e7\u00f5es\u201d, afirmou o presidente do BNDES, Gustavo Montezano.<\/p>\n<p>Segundo Campos Neto, a linha estar\u00e1 dispon\u00edvel em uma ou duas semanas. \u201cQuarenta e cinco por cento do custo de uma pequena e m\u00e9dia empresa \u00e9 folha de pagamento, normalmente em torno 20% ao ano. Temos que atravessar este per\u00edodo garantindo emprego para os trabalhadores\u201d, afirmou. Ele acrescentou que o custo de demiss\u00e3o para as empresas \u00e9 equivalente a tr\u00eas ou quatro meses de sal\u00e1rio.<\/p>\n<p><strong>Caixa<\/strong><\/p>\n<p>O presidente da Caixa Econ\u00f4mica Federal, Pedro Guimar\u00e3es, tamb\u00e9m ressaltou que o banco j\u00e1 emprestou R$ 20 bilh\u00f5es aos clientes para enfrentar a crise provocada pelo coronav\u00edrus. No total, a institui\u00e7\u00e3o j\u00e1 injetou R$ 111 bilh\u00f5es em recursos.<\/p>\n<p>\u201cVamos continuar reduzindo juros, aumentando prazos para pagamento e dando liquidez para a economia\u201d, disse Guimar\u00e3es sobre as medidas anunciadas ontem (26) pelo banco.<\/p>\n<p>De acordo com Guimar\u00e3es, a Caixa tamb\u00e9m vai operacionalizar o pagamento do aux\u00edlio emergencial de tr\u00eas meses, no valor de R$ 600, destinado aos trabalhadores aut\u00f4nomos, informais e sem renda fixa durante a crise provocada pela pandemia de coronav\u00edrus.<\/p>\n<p>Entretanto, Guimar\u00e3es destacou que, antes se iniciar o pagamento, a medida precisa ser aprovada pelo Congresso Nacional. Um decreto presidencial tamb\u00e9m ser\u00e1 editado para regulamentar a opera\u00e7\u00e3o.<\/p>\n<p><strong>Compra de carteira de cr\u00e9dito<\/strong><\/p>\n<p>Roberto Campos Neto informou ainda que est\u00e1 em estudo uma proposta de emenda \u00e0 Constitui\u00e7\u00e3o (PEC) para que o Banco Central possa comprar carteira de cr\u00e9dito diretamente das institui\u00e7\u00f5es financeiras. \u201cO m\u00e1ximo que o Banco Central pode fazer [atualmente] \u00e9 injetar liquidez [no mercado]. Nem sempre a liquidez chega na ponta final. Precisa de uma PEC para que o Banco Central tenha poder para comprar cr\u00e9dito\u201d, disse.<\/p>\n<p>O presidente do BC informou ainda que na pr\u00f3xima semana a institui\u00e7\u00e3o deve lan\u00e7ar medida de concess\u00e3o de empr\u00e9stimos a bancos com lastro em letras financeiras garantidas por opera\u00e7\u00f5es de cr\u00e9dito.<\/p>\n<p>Para come\u00e7ar a valer, ser\u00e1 necess\u00e1ria a edi\u00e7\u00e3o de medida provis\u00f3ria, com abertura de cr\u00e9dito extraordin\u00e1rio de R$ 34 bilh\u00f5es por dois meses (R$ 17 bilh\u00f5es por m\u00eas) e a cria\u00e7\u00e3o de um fundo com aporte do Tesouro, operacionalizado pelo BNDES, fiscalizado e supervisionado pelo Banco Central.<\/p>\n<p><strong>Setor de sa\u00fade<\/strong><\/p>\n<p>Gustavo Montezano informou ainda que na pr\u00f3xima semana ser\u00e1 disponibilizada uma linha emergencial para empresas de sa\u00fade no valor de at\u00e9 R$ 2 bilh\u00f5es. \u201cJ\u00e1 temos cerca 30 empresas mapeadas para absorver esse produto\u201d, disse o presidente do BNDES.<\/p>\n<p>&nbsp;<\/p>\n<p><strong>Fonte: Ag\u00eancia Brasil<\/strong><\/p>\n<p>&nbsp;<\/p>\n","protected":false},"excerpt":{"rendered":"<p>O governo anunciou hoje (27) uma linha de cr\u00e9dito emergencial para ajudar pequenas e m\u00e9dias empresas a quitar a folha de pagamentos. O setor est\u00e1 entre os mais afetados pela crise gerada pela pandemia de covid-19. A estimativa \u00e9 de libera\u00e7\u00e3o de R$ 40 bilh\u00f5es. O an\u00fancio foi feito em entrevista coletiva, no Pal\u00e1cio do &hellip;<\/p>\n","protected":false},"author":1,"featured_media":4928,"comment_status":"open","ping_status":"open","sticky":false,"template":"","format":"standard","meta":{"_jetpack_memberships_contains_paid_content":false,"footnotes":""},"categories":[1],"tags":[],"class_list":["post-4927","post","type-post","status-publish","format-standard","has-post-thumbnail","hentry","category-destaque"],"jetpack_featured_media_url":"","jetpack_sharing_enabled":true,"_links":{"self":[{"href":"https:\/\/www.oparanews.com.br\/index.php\/wp-json\/wp\/v2\/posts\/4927","targetHints":{"allow":["GET"]}}],"collection":[{"href":"https:\/\/www.oparanews.com.br\/index.php\/wp-json\/wp\/v2\/posts"}],"about":[{"href":"https:\/\/www.oparanews.com.br\/index.php\/wp-json\/wp\/v2\/types\/post"}],"author":[{"embeddable":true,"href":"https:\/\/www.oparanews.com.br\/index.php\/wp-json\/wp\/v2\/users\/1"}],"replies":[{"embeddable":true,"href":"https:\/\/www.oparanews.com.br\/index.php\/wp-json\/wp\/v2\/comments?post=4927"}],"version-history":[{"count":0,"href":"https:\/\/www.oparanews.com.br\/index.php\/wp-json\/wp\/v2\/posts\/4927\/revisions"}],"wp:featuredmedia":[{"embeddable":true,"href":"https:\/\/www.oparanews.com.br\/index.php\/wp-json\/"}],"wp:attachment":[{"href":"https:\/\/www.oparanews.com.br\/index.php\/wp-json\/wp\/v2\/media?parent=4927"}],"wp:term":[{"taxonomy":"category","embeddable":true,"href":"https:\/\/www.oparanews.com.br\/index.php\/wp-json\/wp\/v2\/categories?post=4927"},{"taxonomy":"post_tag","embeddable":true,"href":"https:\/\/www.oparanews.com.br\/index.php\/wp-json\/wp\/v2\/tags?post=4927"}],"curies":[{"name":"wp","href":"https:\/\/api.w.org\/{rel}","templated":true}]}}